{"id":76455,"date":"2018-03-01T19:09:39","date_gmt":"2018-03-01T22:09:39","guid":{"rendered":"http:\/\/www.elsindical.com.ar\/notas\/?p=76455"},"modified":"2018-03-01T19:09:39","modified_gmt":"2018-03-01T22:09:39","slug":"la-television-sublevada-el-caso-barricada-tv","status":"publish","type":"post","link":"https:\/\/www.elsindical.com.ar\/notas\/la-television-sublevada-el-caso-barricada-tv\/","title":{"rendered":"\u201cLa Televisi\u00f3n Sublevada\u201d: el caso Barricada Tv"},"content":{"rendered":"<h2><strong><a href=\"http:\/\/www.elsindical.com.ar\/notas\/var\/www\/html\/notas\/wp-content\/uploads\/2018\/03\/televisi\u00f3n-sublevada.jpg\"><img loading=\"lazy\" decoding=\"async\" class=\"alignnone size-medium wp-image-76456\" src=\"http:\/\/www.elsindical.com.ar\/notas\/var\/www\/html\/notas\/wp-content\/uploads\/2018\/03\/televisi\u00f3n-sublevada-215x300.jpg\" alt=\"\" width=\"215\" height=\"300\" srcset=\"https:\/\/www.elsindical.com.ar\/notas\/var\/www\/html\/notas\/wp-content\/uploads\/2018\/03\/televisi\u00f3n-sublevada-215x300.jpg 215w, https:\/\/www.elsindical.com.ar\/notas\/var\/www\/html\/notas\/wp-content\/uploads\/2018\/03\/televisi\u00f3n-sublevada-768x1071.jpg 768w, https:\/\/www.elsindical.com.ar\/notas\/var\/www\/html\/notas\/wp-content\/uploads\/2018\/03\/televisi\u00f3n-sublevada-734x1024.jpg 734w, https:\/\/www.elsindical.com.ar\/notas\/var\/www\/html\/notas\/wp-content\/uploads\/2018\/03\/televisi\u00f3n-sublevada.jpg 1829w\" sizes=\"auto, (max-width: 215px) 100vw, 215px\" \/><\/a>LANZAMIENTO<\/strong><\/h2>\n<p><strong>Desde hoy en librer\u00edas<\/strong><strong>\u201cLa Televisi\u00f3n Sublevada\u201d: el caso Barricada Tv<\/strong><\/p>\n<div>\u201c<strong>Barricada Tv\u201d se convirti\u00f3 en el primer canal de televisi\u00f3n alternativo, popular y sin fines de lucro en integrarse a la grilla de la TDA en el apogeo de un in\u00e9dito proceso de concentraci\u00f3n de la comunicaci\u00f3n en la Argentina.<\/strong> \u00bfC\u00f3mo fue posible? Una respuesta a esa pregunta \u2013que es a la vez una pregunta sobre la l\u00f3gica de todo el sistema comunicacional- es desarrollada en el libro<strong> \u201cLa Televisi\u00f3n Sublevada<\/strong>.<strong> El caso Barricada Tv. Comunicaci\u00f3n popular vs. propiedad privada en la Argentina<\/strong>\u201d, que acaba de lanzar Ediciones CTP, del periodista y abogado<strong> Mariano Su\u00e1rez.<\/strong><\/p>\n<p>El nuevo t\u00edtulo analiza el infrecuente recorrido del canal Barricada Tv, desde su fundaci\u00f3n en 2009, cuando estaba vigente una ley refractaria hacia los medios comunitarios, hasta su acceso pleno a la pantalla, que se concret\u00f3 \u2013ir\u00f3nicamente- durante el gobierno de Mauricio Macri. En medio de ese proceso se analiza el agitado debate en el que floreci\u00f3 y sucumbi\u00f3 la Ley de Servicios de Comunicaci\u00f3n Audiovisual y una desigual pelea judicial entre Barricada Tv y el principal grupo de medios privados de la Argentina (Clar\u00edn), a modo de expresi\u00f3n de las reglas desiguales que imperan en sistema comunicacional argentino.<\/p>\n<p>\u201c<em>Barricada Tv es una s\u00edntesis de la maduraci\u00f3n de la comunicaci\u00f3n alternativa y comunitaria<\/em>\u201d, sentencia en la contratapa del libro el investigador y docente Mart\u00edn Becerra, quien enfatiza que \u201cLa Televisi\u00f3n Sublevada\u201d se revela como un material <em>\u201cimprescindible para conocer las artistas m\u00e1s interesantes, innovadoras y silenciadas del presente de los medios y su relaci\u00f3n con la sociedad\u201d.<\/em><\/p>\n<p>\u201c<em>Barricada Tv es el \u00fanico canal que muestra lo que los comerciales ocultan. Ampl\u00eda el universo informativo y lo hace con profesionalismo y compromiso pol\u00edtico (\u2026) se torna vital para las audiencias en este momento de consolidaci\u00f3n de un sistema de medios in\u00e9ditamente concentrado, homog\u00e9neo en sus discursos y que despide trabajadores\u201d,<\/em> analizan en el pr\u00f3logo Mar\u00eda Jos\u00e9 Guembe y Esteban Lopardo, integrantes de la Defensor\u00eda del P\u00fablico de Servicios de Comunicaci\u00f3n Audiovisual.<\/p>\n<p>\u201c<strong>La Televisi\u00f3n Sublevada\u201d es un nuevo t\u00edtulo editado por el Colectivo de Trabajadoras y Trabajadores de Prensa (CTP), una de las organizaciones que forma parte del nuevo Sindicato de Prensa de Buenos Aires (SiPreBa). <\/strong><\/p>\n<p>Mariano Su\u00e1rez, el autor, es abogado laboralista, periodista y delegado de la agencia de noticias T\u00e9lam, ahora bajo el ojo p\u00fablico como parte de la vocaci\u00f3n del gobierno por vaciar las estructuras de los medios p\u00fablicos. Es el segundo t\u00edtulo de Su\u00e1rez con Ediciones CTP, que ya hab\u00eda editado con el mismo sello \u201cEstatuto del Periodista. 70 a\u00f1os\u201d, en 2016.<br \/>\n<strong>Ediciones CTP<\/strong><\/div>\n<p><strong>Contacto:<\/strong><br \/>\n<strong>Mariano Su\u00e1rez : 15 6228-1059<\/strong><\/p>\n<div id=\"yiv6534604542yui_3_16_0_1_1518031679183_25650\" align=\"center\"><strong id=\"yiv6534604542yui_3_16_0_1_1518031679183_25651\"><span id=\"yiv6534604542yui_3_16_0_1_1518031679183_25652\">Colectivo de Trabajadores de Prensa<\/span><\/strong><\/div>\n<div id=\"yiv6534604542yui_3_16_0_1_1518031679183_25654\" align=\"center\"><em id=\"yui_3_16_0_ym19_1_1519251634984_40634\"><span id=\"yiv6534604542yui_3_16_0_1_1518031679183_25655\">edicionesctp@gmail.com<\/span><\/em><\/div>\n<div id=\"yiv6534604542yui_3_16_0_1_1518031679183_25659\" align=\"center\"><em id=\"yui_3_16_0_ym19_1_1519251634984_40633\"><span id=\"yiv6534604542yui_3_16_0_1_1518031679183_25660\">www.edicionesctp.org<\/span><\/em><\/div>\n","protected":false},"excerpt":{"rendered":"<p>LANZAMIENTO Desde hoy en librer\u00edas\u201cLa Televisi\u00f3n Sublevada\u201d: el caso Barricada Tv \u201cBarricada Tv\u201d se convirti\u00f3 en el primer canal de televisi\u00f3n alternativo, popular y sin fines de lucro en integrarse a la grilla de la TDA en el apogeo de un in\u00e9dito proceso de concentraci\u00f3n de la comunicaci\u00f3n en la Argentina. \u00bfC\u00f3mo fue posible? Una&hellip;<\/p>\n","protected":false},"author":1,"featured_media":76456,"comment_status":"open","ping_status":"open","sticky":false,"template":"","format":"standard","meta":{"footnotes":""},"categories":[24],"tags":[28342,28343,28024],"class_list":["post-76455","post","type-post","status-publish","format-standard","has-post-thumbnail","hentry","category-sociales","tag-barricada-tv","tag-la-television-sublevada","tag-librerias"],"_links":{"self":[{"href":"https:\/\/www.elsindical.com.ar\/notas\/wp-json\/wp\/v2\/posts\/76455","targetHints":{"allow":["GET"]}}],"collection":[{"href":"https:\/\/www.elsindical.com.ar\/notas\/wp-json\/wp\/v2\/posts"}],"about":[{"href":"https:\/\/www.elsindical.com.ar\/notas\/wp-json\/wp\/v2\/types\/post"}],"author":[{"embeddable":true,"href":"https:\/\/www.elsindical.com.ar\/notas\/wp-json\/wp\/v2\/users\/1"}],"replies":[{"embeddable":true,"href":"https:\/\/www.elsindical.com.ar\/notas\/wp-json\/wp\/v2\/comments?post=76455"}],"version-history":[{"count":1,"href":"https:\/\/www.elsindical.com.ar\/notas\/wp-json\/wp\/v2\/posts\/76455\/revisions"}],"predecessor-version":[{"id":76457,"href":"https:\/\/www.elsindical.com.ar\/notas\/wp-json\/wp\/v2\/posts\/76455\/revisions\/76457"}],"wp:featuredmedia":[{"embeddable":true,"href":"https:\/\/www.elsindical.com.ar\/notas\/wp-json\/wp\/v2\/media\/76456"}],"wp:attachment":[{"href":"https:\/\/www.elsindical.com.ar\/notas\/wp-json\/wp\/v2\/media?parent=76455"}],"wp:term":[{"taxonomy":"category","embeddable":true,"href":"https:\/\/www.elsindical.com.ar\/notas\/wp-json\/wp\/v2\/categories?post=76455"},{"taxonomy":"post_tag","embeddable":true,"href":"https:\/\/www.elsindical.com.ar\/notas\/wp-json\/wp\/v2\/tags?post=76455"}],"curies":[{"name":"wp","href":"https:\/\/api.w.org\/{rel}","templated":true}]}}