{"id":76438,"date":"2018-03-01T18:38:44","date_gmt":"2018-03-01T21:38:44","guid":{"rendered":"http:\/\/www.elsindical.com.ar\/notas\/?p=76438"},"modified":"2018-03-01T18:38:44","modified_gmt":"2018-03-01T21:38:44","slug":"la-policia-federal-de-brasil-acuso-a-arribas-de-recibir-850-mil-dolares-de-coimas","status":"publish","type":"post","link":"https:\/\/www.elsindical.com.ar\/notas\/la-policia-federal-de-brasil-acuso-a-arribas-de-recibir-850-mil-dolares-de-coimas\/","title":{"rendered":"La Polic\u00eda Federal de Brasil acus\u00f3 a Arribas de recibir 850 mil d\u00f3lares de coimas"},"content":{"rendered":"<p><em><span class=\"text description col-xs-8 col-lg-9\"><a href=\"http:\/\/www.elsindical.com.ar\/notas\/var\/www\/html\/notas\/wp-content\/uploads\/2015\/12\/Gustavo-Arribas.jpg\"><img loading=\"lazy\" decoding=\"async\" class=\"alignnone size-medium wp-image-55601\" src=\"http:\/\/www.elsindical.com.ar\/notas\/var\/www\/html\/notas\/wp-content\/uploads\/2015\/12\/Gustavo-Arribas-300x158.jpg\" alt=\"\" width=\"300\" height=\"158\" srcset=\"https:\/\/www.elsindical.com.ar\/notas\/var\/www\/html\/notas\/wp-content\/uploads\/2015\/12\/Gustavo-Arribas-300x158.jpg 300w, https:\/\/www.elsindical.com.ar\/notas\/var\/www\/html\/notas\/wp-content\/uploads\/2015\/12\/Gustavo-Arribas-500x263.jpg 500w, https:\/\/www.elsindical.com.ar\/notas\/var\/www\/html\/notas\/wp-content\/uploads\/2015\/12\/Gustavo-Arribas.jpg 531w\" sizes=\"auto, (max-width: 300px) 100vw, 300px\" \/><\/a>\u00a0 Seg\u00fan la nota, Arribas habr\u00eda cobrado la coima en el marco de un esquema de lavado de dinero, sociedades \u00abpantalla\u00bb y transferencias offshore.<\/span><\/em><\/p>\n<p>La Polic\u00eda Federal de Brasil acus\u00f3 al titular de la Agencia Federal de Inteligencia (AFI), Gustavo Arribas, de haber recibido 850.000 d\u00f3lares en coimas de parte de empresas vinculadas al esc\u00e1ndalo del Lava Jato.<\/p>\n<p>As\u00ed lo public\u00f3 el medio brasile\u00f1o Estadao, que cita al delegado de la Polic\u00eda Federal Victor Hugo Rodrigues Alves Ferreira. Seg\u00fan la nota, Arribas habr\u00eda cobrado la coima en el marco de un esquema de lavado de dinero, sociedades \u00abpantalla\u00bb y transferencias offshore.<\/p>\n<p>Se trata de la denominada \u00abOpera\u00e7ao Descarte\u00bb, que investig\u00f3 a la empresa a cargo de la recolecci\u00f3n de residuos en San Pablo, \u00abConsorcio Soma\u00bb, que recurri\u00f3 a una operatoria de facturas truchas para generar fondos negros y transferir dinero a los destinatarios finales.<\/p>\n<p>\u00abSeg\u00fan el delegado de la Polic\u00eda Federal Victor Hugo Rodrigues Alves Ferreira, el Soma entraba en contacto con las empresas fantasmas para emitir notas fiscales simulando la venta de mercanc\u00edas -detergentes, sacos de basura- para el consorcio.<\/p>\n<p>Despu\u00e9s de la emisi\u00f3n de los recibos, el Soma transfer\u00eda el dinero a las cuentas de las empresas\u00bb, afirm\u00f3 el medio del pa\u00eds vecino. Adem\u00e1s, public\u00f3 que \u00aben consecuencia, ese dinero era nuevamente transferido a otras empresas fantasmas con miras a simular el origen y el destino de los valores\u00bb.<\/p>\n<p>\u00abFinalmente, los valores son transferidos a cuentas de personas ligadas al esquema o luego remitido al exterior\u00bb, se\u00f1al\u00f3 la nota que cita la Polic\u00eda brasile\u00f1a.<\/p>\n<p>Sobre la participaci\u00f3n de Arribas, el medio subray\u00f3 que \u00aben el curso de las investigaciones, hubo una \u00fanica salida al exterior por valor de 850.000 d\u00f3lares\u00bb.<\/p>\n<p>\u00abEste dinero sali\u00f3 de Brasil, pas\u00f3 por una cuenta en Hong Kong y se detuvo en Argentina, en una cuenta vinculada al director de Inteligencia de aquel pa\u00eds\u00bb, resalt\u00f3.<\/p>\n<p>De acuerdo a lo dicho por la Polic\u00eda de Brasil, se identific\u00f3 a Alberto Youssef y Leonardo Meirelles como quienes participaron en las transferencias de dinero.<\/p>\n<p>Meirelles fue uno de los \u00abarrepentidos\u00bb del esc\u00e1ndalo de corrupci\u00f3n del Lava Jato y ante la Justicia argentina declar\u00f3 que le hab\u00edan pagado coimas por 850.000 d\u00f3lares a Arribas de parte de la brasilera Odebrecht.<\/p>\n<p>El funcionario nacional fue sobrese\u00eddo por el juez federal Rodolfo Canicoba Corral, su decisi\u00f3n fue ratificada por la C\u00e1mara Federal en la investigaci\u00f3n por los supuestos sobornos y ahora fue apelada nuevamente.<\/p>\n","protected":false},"excerpt":{"rendered":"<p>\u00a0 Seg\u00fan la nota, Arribas habr\u00eda cobrado la coima en el marco de un esquema de lavado de dinero, sociedades \u00abpantalla\u00bb y transferencias offshore. La Polic\u00eda Federal de Brasil acus\u00f3 al titular de la Agencia Federal de Inteligencia (AFI), Gustavo Arribas, de haber recibido 850.000 d\u00f3lares en coimas de parte de empresas vinculadas al esc\u00e1ndalo&hellip;<\/p>\n","protected":false},"author":1,"featured_media":55601,"comment_status":"open","ping_status":"open","sticky":false,"template":"","format":"standard","meta":{"footnotes":""},"categories":[18],"tags":[6934,20772,622,175,22505,28336],"class_list":["post-76438","post","type-post","status-publish","format-standard","has-post-thumbnail","hentry","category-internacionales","tag-acusacion","tag-afi","tag-coimas","tag-denuncia","tag-gustavo-arribas","tag-policia-federal-de-brasil"],"_links":{"self":[{"href":"https:\/\/www.elsindical.com.ar\/notas\/wp-json\/wp\/v2\/posts\/76438","targetHints":{"allow":["GET"]}}],"collection":[{"href":"https:\/\/www.elsindical.com.ar\/notas\/wp-json\/wp\/v2\/posts"}],"about":[{"href":"https:\/\/www.elsindical.com.ar\/notas\/wp-json\/wp\/v2\/types\/post"}],"author":[{"embeddable":true,"href":"https:\/\/www.elsindical.com.ar\/notas\/wp-json\/wp\/v2\/users\/1"}],"replies":[{"embeddable":true,"href":"https:\/\/www.elsindical.com.ar\/notas\/wp-json\/wp\/v2\/comments?post=76438"}],"version-history":[{"count":1,"href":"https:\/\/www.elsindical.com.ar\/notas\/wp-json\/wp\/v2\/posts\/76438\/revisions"}],"predecessor-version":[{"id":76439,"href":"https:\/\/www.elsindical.com.ar\/notas\/wp-json\/wp\/v2\/posts\/76438\/revisions\/76439"}],"wp:featuredmedia":[{"embeddable":true,"href":"https:\/\/www.elsindical.com.ar\/notas\/wp-json\/wp\/v2\/media\/55601"}],"wp:attachment":[{"href":"https:\/\/www.elsindical.com.ar\/notas\/wp-json\/wp\/v2\/media?parent=76438"}],"wp:term":[{"taxonomy":"category","embeddable":true,"href":"https:\/\/www.elsindical.com.ar\/notas\/wp-json\/wp\/v2\/categories?post=76438"},{"taxonomy":"post_tag","embeddable":true,"href":"https:\/\/www.elsindical.com.ar\/notas\/wp-json\/wp\/v2\/tags?post=76438"}],"curies":[{"name":"wp","href":"https:\/\/api.w.org\/{rel}","templated":true}]}}