{"id":76400,"date":"2018-02-28T08:34:15","date_gmt":"2018-02-28T11:34:15","guid":{"rendered":"http:\/\/www.elsindical.com.ar\/notas\/?p=76400"},"modified":"2018-02-28T08:34:15","modified_gmt":"2018-02-28T11:34:15","slug":"costanera-escandalo-y-heridos-en-boliche-de-punta-carrasco","status":"publish","type":"post","link":"https:\/\/www.elsindical.com.ar\/notas\/costanera-escandalo-y-heridos-en-boliche-de-punta-carrasco\/","title":{"rendered":"Costanera: Esc\u00e1ndalo y heridos en boliche de Punta Carrasco"},"content":{"rendered":"<p><em><span class=\"text description col-xs-8 col-lg-9\">\u00a0<a href=\"http:\/\/www.elsindical.com.ar\/notas\/var\/www\/html\/notas\/wp-content\/uploads\/2018\/02\/disco-Bayside.jpg\"><img loading=\"lazy\" decoding=\"async\" class=\"alignnone size-medium wp-image-76401\" src=\"http:\/\/www.elsindical.com.ar\/notas\/var\/www\/html\/notas\/wp-content\/uploads\/2018\/02\/disco-Bayside-300x229.jpg\" alt=\"\" width=\"300\" height=\"229\" srcset=\"https:\/\/www.elsindical.com.ar\/notas\/var\/www\/html\/notas\/wp-content\/uploads\/2018\/02\/disco-Bayside-300x229.jpg 300w, https:\/\/www.elsindical.com.ar\/notas\/var\/www\/html\/notas\/wp-content\/uploads\/2018\/02\/disco-Bayside-768x587.jpg 768w, https:\/\/www.elsindical.com.ar\/notas\/var\/www\/html\/notas\/wp-content\/uploads\/2018\/02\/disco-Bayside-392x300.jpg 392w, https:\/\/www.elsindical.com.ar\/notas\/var\/www\/html\/notas\/wp-content\/uploads\/2018\/02\/disco-Bayside.jpg 960w\" sizes=\"auto, (max-width: 300px) 100vw, 300px\" \/><\/a> El atacante, de nacionalidad china, discuti\u00f3 con el patovica en el ba\u00f1o de un boliche de Punta Carrasco y le dio cinco puntazos.<\/span><\/em><\/p>\n<p>Un verdadero esc\u00e1ndalo de violencia ocurri\u00f3 en el ba\u00f1o de un boliche de Costanera. Fue el domingo por la madrugada cuando un joven de 23 a\u00f1os de nacionalidad china discuti\u00f3 con un patovica de la disco Bayside de Punta Carrasco y termin\u00f3 con cinco pu\u00f1aladas en el abdomen y se salv\u00f3 de milagro.<\/p>\n<p>El enfrentamiento comenz\u00f3 en el ba\u00f1o, sigui\u00f3 en la puerta de entrada y luego de acuchillar al custodio, el atacante se intent\u00f3 escapar con su auto, un Volkswagen Gol, pero lo atraparon los compa\u00f1eros de la v\u00edctima.<\/p>\n<p>En medio de los incidentes, los custodios que detuvieron al joven fueron atacados con el cuchillo y terminaron con varios cortes en las manos.<\/p>\n<p>Finalmente, fue el personal de la Prefectura quien arrest\u00f3 al agresor y lo llev\u00f3 al hospital Rivadavia con una custodia policial.<\/p>\n<p>Intervino en la causa el Juzgado Criminal y Correcci\u00f3n Nro 21 de la Dra Fern\u00e1ndez. El joven fue acusado de \u00abtentativa de homicidio\u00bb.<\/p>\n","protected":false},"excerpt":{"rendered":"<p>\u00a0 El atacante, de nacionalidad china, discuti\u00f3 con el patovica en el ba\u00f1o de un boliche de Punta Carrasco y le dio cinco puntazos. Un verdadero esc\u00e1ndalo de violencia ocurri\u00f3 en el ba\u00f1o de un boliche de Costanera. Fue el domingo por la madrugada cuando un joven de 23 a\u00f1os de nacionalidad china discuti\u00f3 con&hellip;<\/p>\n","protected":false},"author":1,"featured_media":76401,"comment_status":"open","ping_status":"open","sticky":false,"template":"","format":"standard","meta":{"footnotes":""},"categories":[22],"tags":[3300,28320,1443,4789,28319],"class_list":["post-76400","post","type-post","status-publish","format-standard","has-post-thumbnail","hentry","category-policiales","tag-apunalado","tag-bayside","tag-boliche","tag-costanera","tag-punata-carrasco"],"_links":{"self":[{"href":"https:\/\/www.elsindical.com.ar\/notas\/wp-json\/wp\/v2\/posts\/76400","targetHints":{"allow":["GET"]}}],"collection":[{"href":"https:\/\/www.elsindical.com.ar\/notas\/wp-json\/wp\/v2\/posts"}],"about":[{"href":"https:\/\/www.elsindical.com.ar\/notas\/wp-json\/wp\/v2\/types\/post"}],"author":[{"embeddable":true,"href":"https:\/\/www.elsindical.com.ar\/notas\/wp-json\/wp\/v2\/users\/1"}],"replies":[{"embeddable":true,"href":"https:\/\/www.elsindical.com.ar\/notas\/wp-json\/wp\/v2\/comments?post=76400"}],"version-history":[{"count":1,"href":"https:\/\/www.elsindical.com.ar\/notas\/wp-json\/wp\/v2\/posts\/76400\/revisions"}],"predecessor-version":[{"id":76402,"href":"https:\/\/www.elsindical.com.ar\/notas\/wp-json\/wp\/v2\/posts\/76400\/revisions\/76402"}],"wp:featuredmedia":[{"embeddable":true,"href":"https:\/\/www.elsindical.com.ar\/notas\/wp-json\/wp\/v2\/media\/76401"}],"wp:attachment":[{"href":"https:\/\/www.elsindical.com.ar\/notas\/wp-json\/wp\/v2\/media?parent=76400"}],"wp:term":[{"taxonomy":"category","embeddable":true,"href":"https:\/\/www.elsindical.com.ar\/notas\/wp-json\/wp\/v2\/categories?post=76400"},{"taxonomy":"post_tag","embeddable":true,"href":"https:\/\/www.elsindical.com.ar\/notas\/wp-json\/wp\/v2\/tags?post=76400"}],"curies":[{"name":"wp","href":"https:\/\/api.w.org\/{rel}","templated":true}]}}