{"id":7639,"date":"2010-07-01T01:37:12","date_gmt":"2010-07-01T04:37:12","guid":{"rendered":"http:\/\/www.elsindical.com.ar\/notas\/?p=7639"},"modified":"2010-07-01T01:37:12","modified_gmt":"2010-07-01T04:37:12","slug":"7639","status":"publish","type":"post","link":"https:\/\/www.elsindical.com.ar\/notas\/7639\/","title":{"rendered":""},"content":{"rendered":"<p style=\"text-align: justify;\"><em><a href=\"http:\/\/www.elsindical.com.ar\/notas\/var\/www\/html\/notas\/wp-content\/uploads\/2010\/07\/Emanuel-Avila.jpg\"><img loading=\"lazy\" decoding=\"async\" class=\"alignleft size-medium wp-image-7640\" title=\"Emanuel-Avila\" src=\"http:\/\/www.elsindical.com.ar\/notas\/var\/www\/html\/notas\/wp-content\/uploads\/2010\/07\/Emanuel-Avila-300x193.jpg\" alt=\"\" width=\"300\" height=\"193\" srcset=\"https:\/\/www.elsindical.com.ar\/notas\/var\/www\/html\/notas\/wp-content\/uploads\/2010\/07\/Emanuel-Avila-300x193.jpg 300w, https:\/\/www.elsindical.com.ar\/notas\/var\/www\/html\/notas\/wp-content\/uploads\/2010\/07\/Emanuel-Avila.jpg 312w\" sizes=\"auto, (max-width: 300px) 100vw, 300px\" \/><\/a>El acusado fue arrestado gracias a que la madre de la v\u00edctima se disfraz\u00f3 para entrar a una bailanta y encontrarlo. Lo enjuician en tribunales de Mor\u00f3n.\u00a0<br \/>\n<\/em>\u00a0<br \/>\nSe trata de Emanuel Avila (21), quien est\u00e1 acusado del homicidio de Carlos Nelson De la Cruz (21), cometido el 24 de abril del 2008, cuando la v\u00edctima fue baleada al intentar interceder en una pelea entre muchachos ocurrida en las calles Tuyut\u00ed y Batalla de Ayohuma, del barrio Nuevo de Libertad, de Merlo.<\/p>\n<p style=\"text-align: justify;\">El Tribunal Oral Criminal 6 de Mor\u00f3n, integrado por los jueces Alejandro Rodr\u00edguez Rey, Marcos Lisa y Andrea Birsa, es el que llevar\u00e1 adelante el debate y la acusaci\u00f3n estar\u00e1 a cargo del fiscal Bernardo Kiper.<\/p>\n<p style=\"text-align: justify;\">El homicida fue detenido tras permanecer un a\u00f1o pr\u00f3fugo y gracias a que la madre de su v\u00edctima, Petrona Josefina Medina, se disfraz\u00f3 para entrar a la bailanta Las Vegas, de Rafael Castillo, partido de La Matanza, y encontrarlo sin que el acusado la reconociera.<\/p>\n<p style=\"text-align: justify;\">Luego de la investigaci\u00f3n que hizo por sus propios medios y que le permiti\u00f3 saber que el asesino de su hijo frecuentaba esa bailanta, Josefina se puso una peluca y ropa totalmente distinta a la que sol\u00eda usar para acudir al boliche sin ser reconocida. Una vez que lo localiz\u00f3, la madre de De la Cruz alert\u00f3 a la polic\u00eda, que apres\u00f3 al acusado en el interior de la bailanta.<\/p>\n<p style=\"text-align: justify;\">Ayer, durante un procedimiento en Capital a ra\u00edz de un robo la polic\u00eda detuvo al otro joven que junto a Avila particip\u00f3 del hecho, y lo puso a disposici\u00f3n judicial por el homicidio de De la Cruz.<\/p>\n","protected":false},"excerpt":{"rendered":"<p>El acusado fue arrestado gracias a que la madre de la v\u00edctima se disfraz\u00f3 para entrar a una bailanta y encontrarlo. Lo enjuician en tribunales de Mor\u00f3n.\u00a0 \u00a0 Se trata de Emanuel Avila (21), quien est\u00e1 acusado del homicidio de Carlos Nelson De la Cruz (21), cometido el 24 de abril del 2008, cuando la&hellip;<\/p>\n","protected":false},"author":1,"featured_media":0,"comment_status":"open","ping_status":"open","sticky":false,"template":"","format":"standard","meta":{"footnotes":""},"categories":[20],"tags":[1930,91,3806,516,921,30],"class_list":["post-7639","post","type-post","status-publish","format-standard","hentry","category-judiciales","tag-asesino","tag-detenido","tag-emanuel-avila","tag-juicio-oral","tag-madre","tag-policia"],"_links":{"self":[{"href":"https:\/\/www.elsindical.com.ar\/notas\/wp-json\/wp\/v2\/posts\/7639","targetHints":{"allow":["GET"]}}],"collection":[{"href":"https:\/\/www.elsindical.com.ar\/notas\/wp-json\/wp\/v2\/posts"}],"about":[{"href":"https:\/\/www.elsindical.com.ar\/notas\/wp-json\/wp\/v2\/types\/post"}],"author":[{"embeddable":true,"href":"https:\/\/www.elsindical.com.ar\/notas\/wp-json\/wp\/v2\/users\/1"}],"replies":[{"embeddable":true,"href":"https:\/\/www.elsindical.com.ar\/notas\/wp-json\/wp\/v2\/comments?post=7639"}],"version-history":[{"count":1,"href":"https:\/\/www.elsindical.com.ar\/notas\/wp-json\/wp\/v2\/posts\/7639\/revisions"}],"predecessor-version":[{"id":7641,"href":"https:\/\/www.elsindical.com.ar\/notas\/wp-json\/wp\/v2\/posts\/7639\/revisions\/7641"}],"wp:attachment":[{"href":"https:\/\/www.elsindical.com.ar\/notas\/wp-json\/wp\/v2\/media?parent=7639"}],"wp:term":[{"taxonomy":"category","embeddable":true,"href":"https:\/\/www.elsindical.com.ar\/notas\/wp-json\/wp\/v2\/categories?post=7639"},{"taxonomy":"post_tag","embeddable":true,"href":"https:\/\/www.elsindical.com.ar\/notas\/wp-json\/wp\/v2\/tags?post=7639"}],"curies":[{"name":"wp","href":"https:\/\/api.w.org\/{rel}","templated":true}]}}