{"id":76384,"date":"2018-02-27T13:37:28","date_gmt":"2018-02-27T16:37:28","guid":{"rendered":"http:\/\/www.elsindical.com.ar\/notas\/?p=76384"},"modified":"2018-02-27T13:37:28","modified_gmt":"2018-02-27T16:37:28","slug":"fallecio-la-docente-a-la-que-ioma-le-nego-una-droga-oncologica","status":"publish","type":"post","link":"https:\/\/www.elsindical.com.ar\/notas\/fallecio-la-docente-a-la-que-ioma-le-nego-una-droga-oncologica\/","title":{"rendered":"Falleci\u00f3 la docente a la que IOMA le neg\u00f3 una droga oncol\u00f3gica"},"content":{"rendered":"<p><em>\u00a0 <a href=\"http:\/\/www.elsindical.com.ar\/notas\/var\/www\/html\/notas\/wp-content\/uploads\/2018\/02\/Gabriela-Ciufarella.jpg\"><img loading=\"lazy\" decoding=\"async\" class=\"alignnone size-medium wp-image-76385\" src=\"http:\/\/www.elsindical.com.ar\/notas\/var\/www\/html\/notas\/wp-content\/uploads\/2018\/02\/Gabriela-Ciufarella-300x188.jpg\" alt=\"\" width=\"300\" height=\"188\" srcset=\"https:\/\/www.elsindical.com.ar\/notas\/var\/www\/html\/notas\/wp-content\/uploads\/2018\/02\/Gabriela-Ciufarella-300x188.jpg 300w, https:\/\/www.elsindical.com.ar\/notas\/var\/www\/html\/notas\/wp-content\/uploads\/2018\/02\/Gabriela-Ciufarella-480x300.jpg 480w, https:\/\/www.elsindical.com.ar\/notas\/var\/www\/html\/notas\/wp-content\/uploads\/2018\/02\/Gabriela-Ciufarella.jpg 640w\" sizes=\"auto, (max-width: 300px) 100vw, 300px\" \/><\/a>Desde diciembre, Gabriela Ciufarella necesitaba el medicamento, que le fue negado en reiteradas oportunidades. La obra social reci\u00e9n autoriz\u00f3 el tr\u00e1mite el viernes, luego de las protestas realizadas por Suteba. Apuntaron a Info Regi\u00f3n que el jueves marchar\u00e1n en reclamo de Justicia.<\/em><\/p>\n<p>El secretario general de Suteba Lomas, Javier Perin, apunt\u00f3 contra el IOMA lomense por la demora en la entrega del medicamento para Gabriela Ciuffarella. Se trata de la docente de 46 a\u00f1os que hab\u00eda sido diagnosticada de c\u00e1ncer en abril del a\u00f1o pasado y falleci\u00f3 en la madrugada de ayer a la espera de recibir la droga para su tratamiento. El jueves se movilizar\u00e1n a la delegaci\u00f3n regional de la entidad.<\/p>\n<p>La mujer padec\u00eda de mieloma m\u00faltiple, un tipo de c\u00e1ncer de m\u00e9dula \u00f3sea. El 26 de diciembre le hab\u00edan indicado un tratamiento con tres drogas para aplicar en la quimioterapia: Carfilzomib, Lenalidomida y Dexametasona.<\/p>\n<p>Lo cierto es que la primera le fue negada por IOMA, a pesar de los reiterados reclamos de la familia. La obra social reci\u00e9n autoriz\u00f3 el tr\u00e1mite el viernes pasado, luego de las protestas realizadas por Suteba en Lomas de Zamora y La Plata. Mientras tanto, la salud de la docente se deterior\u00f3.<\/p>\n<p>\u201cNo puede ser que un expediente por un medicamento oncol\u00f3gico que se necesita de manera urgente se demore tres semanas\u201d, asegur\u00f3 el delegado local del gremio docente, en referencia a la demora del pedido a la sede central de La Plata.<\/p>\n<p>La primera solicitud de la droga hab\u00eda sido rechazada por no estar incluida en la lista actual de los productos farmac\u00e9uticos (Vademecum). Es por eso que sus familiares recurrieron a un abogado.<\/p>\n<p>\u201cEl expediente estuvo cajoneado 20 d\u00edas m\u00e1s y cuando fuimos nosotros a reclamar el viernes, se envi\u00f3 por arte de magia\u201d, cont\u00f3 Perin sobre el reclamo que realizaron los compa\u00f1eros de Gabriela el \u00faltimo viernes en la puerta del IOMA lomense.<\/p>\n<p>\u201cLa directora Mar\u00eda Jos\u00e9 Capmany se excus\u00f3 al decir que desde el IOMA central no le arreglaron ninguna de las camionetas ni le enviaron insumos ni dinero para la nafta\u201d, coment\u00f3 el dirigente gremial. \u201cGabriela falleci\u00f3 antes de recibir el medicamento, que ser\u00eda recibido hoy por sus familiares\u201d, agreg\u00f3.<\/p>\n<p>El jueves desde las 11:30, Suteba convoca a una movilizaci\u00f3n de la que participar\u00e1 la familia de Gabriela, adem\u00e1s de otros afiliados a la obra social. Marchar\u00e1n desde la plaza Grigera de Lomas hasta la delegaci\u00f3n del IOMA, en Hip\u00f3lito Yrigoyen 9627.<\/p>\n<p>\u201cPlanteamos la responsabilidad absoluta de la directora del IOMA regional Sur (Lomas), porque tanto en el primer expediente como en el segundo, hay una demora injustificada de carga y elevaci\u00f3n de la documentaci\u00f3n del pedido de la droga\u201d, apunt\u00f3.<\/p>\n<p>Adem\u00e1s, estim\u00f3 que la falta de insumos \u201cse debe a una pol\u00edtica de ajuste Gobierno provincial\u201d. \u201cLo venimos denunciando hace rato en educaci\u00f3n y son de p\u00fablico conocimiento los despidos, nada m\u00e1s que en este caso es m\u00e1s grave porque juegan con la salud de la gente\u201d, denunci\u00f3.<\/p>\n<p>\u201cPor la falta de capacidad de gestionar de una directora regional y una clara pol\u00edtica de ajuste, lamentamos la p\u00e9rdida de una compa\u00f1era\u201d, reclam\u00f3.<\/p>\n<p>Adem\u00e1s, explic\u00f3 que exigir\u00e1n tambi\u00e9n que se actualice la lista de medicamentos incluidos en el Vademecum.<\/p>\n","protected":false},"excerpt":{"rendered":"<p>\u00a0 Desde diciembre, Gabriela Ciufarella necesitaba el medicamento, que le fue negado en reiteradas oportunidades. La obra social reci\u00e9n autoriz\u00f3 el tr\u00e1mite el viernes, luego de las protestas realizadas por Suteba. Apuntaron a Info Regi\u00f3n que el jueves marchar\u00e1n en reclamo de Justicia. El secretario general de Suteba Lomas, Javier Perin, apunt\u00f3 contra el IOMA&hellip;<\/p>\n","protected":false},"author":1,"featured_media":76385,"comment_status":"open","ping_status":"open","sticky":false,"template":"","format":"standard","meta":{"footnotes":""},"categories":[6],"tags":[28311,5203,28312],"class_list":["post-76384","post","type-post","status-publish","format-standard","has-post-thumbnail","hentry","category-denuncias","tag-gabriela-ciuffarella","tag-ioma","tag-medicacion-oncologica"],"_links":{"self":[{"href":"https:\/\/www.elsindical.com.ar\/notas\/wp-json\/wp\/v2\/posts\/76384","targetHints":{"allow":["GET"]}}],"collection":[{"href":"https:\/\/www.elsindical.com.ar\/notas\/wp-json\/wp\/v2\/posts"}],"about":[{"href":"https:\/\/www.elsindical.com.ar\/notas\/wp-json\/wp\/v2\/types\/post"}],"author":[{"embeddable":true,"href":"https:\/\/www.elsindical.com.ar\/notas\/wp-json\/wp\/v2\/users\/1"}],"replies":[{"embeddable":true,"href":"https:\/\/www.elsindical.com.ar\/notas\/wp-json\/wp\/v2\/comments?post=76384"}],"version-history":[{"count":1,"href":"https:\/\/www.elsindical.com.ar\/notas\/wp-json\/wp\/v2\/posts\/76384\/revisions"}],"predecessor-version":[{"id":76386,"href":"https:\/\/www.elsindical.com.ar\/notas\/wp-json\/wp\/v2\/posts\/76384\/revisions\/76386"}],"wp:featuredmedia":[{"embeddable":true,"href":"https:\/\/www.elsindical.com.ar\/notas\/wp-json\/wp\/v2\/media\/76385"}],"wp:attachment":[{"href":"https:\/\/www.elsindical.com.ar\/notas\/wp-json\/wp\/v2\/media?parent=76384"}],"wp:term":[{"taxonomy":"category","embeddable":true,"href":"https:\/\/www.elsindical.com.ar\/notas\/wp-json\/wp\/v2\/categories?post=76384"},{"taxonomy":"post_tag","embeddable":true,"href":"https:\/\/www.elsindical.com.ar\/notas\/wp-json\/wp\/v2\/tags?post=76384"}],"curies":[{"name":"wp","href":"https:\/\/api.w.org\/{rel}","templated":true}]}}