{"id":76381,"date":"2018-02-27T13:31:37","date_gmt":"2018-02-27T16:31:37","guid":{"rendered":"http:\/\/www.elsindical.com.ar\/notas\/?p=76381"},"modified":"2018-02-27T13:31:37","modified_gmt":"2018-02-27T16:31:37","slug":"fallecio-el-represor-luciano-benjamin-menendez","status":"publish","type":"post","link":"https:\/\/www.elsindical.com.ar\/notas\/fallecio-el-represor-luciano-benjamin-menendez\/","title":{"rendered":"Falleci\u00f3 el represor Luciano Benjam\u00edn Men\u00e9ndez"},"content":{"rendered":"<p><em><span class=\"text description col-xs-8 col-lg-9\"><a href=\"http:\/\/www.elsindical.com.ar\/notas\/var\/www\/html\/notas\/wp-content\/uploads\/2018\/02\/Luciano-Benjam\u00edn-Men\u00e9ndez.jpg\"><img loading=\"lazy\" decoding=\"async\" class=\"alignnone size-medium wp-image-76382\" src=\"http:\/\/www.elsindical.com.ar\/notas\/var\/www\/html\/notas\/wp-content\/uploads\/2018\/02\/Luciano-Benjam\u00edn-Men\u00e9ndez-300x170.jpg\" alt=\"\" width=\"300\" height=\"170\" srcset=\"https:\/\/www.elsindical.com.ar\/notas\/var\/www\/html\/notas\/wp-content\/uploads\/2018\/02\/Luciano-Benjam\u00edn-Men\u00e9ndez-300x170.jpg 300w, https:\/\/www.elsindical.com.ar\/notas\/var\/www\/html\/notas\/wp-content\/uploads\/2018\/02\/Luciano-Benjam\u00edn-Men\u00e9ndez-500x283.jpg 500w, https:\/\/www.elsindical.com.ar\/notas\/var\/www\/html\/notas\/wp-content\/uploads\/2018\/02\/Luciano-Benjam\u00edn-Men\u00e9ndez-220x126.jpg 220w, https:\/\/www.elsindical.com.ar\/notas\/var\/www\/html\/notas\/wp-content\/uploads\/2018\/02\/Luciano-Benjam\u00edn-Men\u00e9ndez-460x260.jpg 460w, https:\/\/www.elsindical.com.ar\/notas\/var\/www\/html\/notas\/wp-content\/uploads\/2018\/02\/Luciano-Benjam\u00edn-Men\u00e9ndez.jpg 630w\" sizes=\"auto, (max-width: 300px) 100vw, 300px\" \/><\/a>\u00a0 El ex titular del Tercer Cuerpo del Ej\u00e9rcito muri\u00f3 en un hospital de la ciudad de C\u00f3rdoba, donde permanec\u00eda internado desde hace unas semanas mientras afrontaba un juicio por delitos de lesa humanidad.<\/span><\/em><\/p>\n<p>El <strong>represor<\/strong> varias veces condenado <strong>Luciano Benjam\u00edn Men\u00e9ndez<\/strong>, ex comandante del <strong>Tercer Cuerpo de Ej\u00e9rcito<\/strong>, muri\u00f3 a los 90 a\u00f1os.<\/p>\n<p>Men\u00e9ndez ha recibido un total de 13 condenas a <strong>prisi\u00f3n perpetua<\/strong> por sus numerosos cr\u00edmenes de lesa humanidad cometidos durante la \u00faltima<strong> dictadura<\/strong>.<\/p>\n<p>El ex jefe del Tercer Cuerpo estaba internado desde el 7 de febrero en el hospital Militar de<strong> C\u00f3rdoba<\/strong>, en estado delicado debido a una complicada afecci\u00f3n hep\u00e1tica.<\/p>\n","protected":false},"excerpt":{"rendered":"<p>\u00a0 El ex titular del Tercer Cuerpo del Ej\u00e9rcito muri\u00f3 en un hospital de la ciudad de C\u00f3rdoba, donde permanec\u00eda internado desde hace unas semanas mientras afrontaba un juicio por delitos de lesa humanidad. El represor varias veces condenado Luciano Benjam\u00edn Men\u00e9ndez, ex comandante del Tercer Cuerpo de Ej\u00e9rcito, muri\u00f3 a los 90 a\u00f1os. Men\u00e9ndez&hellip;<\/p>\n","protected":false},"author":1,"featured_media":76382,"comment_status":"open","ping_status":"open","sticky":false,"template":"","format":"standard","meta":{"footnotes":""},"categories":[24],"tags":[153,28310,1918],"class_list":["post-76381","post","type-post","status-publish","format-standard","has-post-thumbnail","hentry","category-sociales","tag-cordoba","tag-luciano-benajmin-menendez","tag-represor"],"_links":{"self":[{"href":"https:\/\/www.elsindical.com.ar\/notas\/wp-json\/wp\/v2\/posts\/76381","targetHints":{"allow":["GET"]}}],"collection":[{"href":"https:\/\/www.elsindical.com.ar\/notas\/wp-json\/wp\/v2\/posts"}],"about":[{"href":"https:\/\/www.elsindical.com.ar\/notas\/wp-json\/wp\/v2\/types\/post"}],"author":[{"embeddable":true,"href":"https:\/\/www.elsindical.com.ar\/notas\/wp-json\/wp\/v2\/users\/1"}],"replies":[{"embeddable":true,"href":"https:\/\/www.elsindical.com.ar\/notas\/wp-json\/wp\/v2\/comments?post=76381"}],"version-history":[{"count":1,"href":"https:\/\/www.elsindical.com.ar\/notas\/wp-json\/wp\/v2\/posts\/76381\/revisions"}],"predecessor-version":[{"id":76383,"href":"https:\/\/www.elsindical.com.ar\/notas\/wp-json\/wp\/v2\/posts\/76381\/revisions\/76383"}],"wp:featuredmedia":[{"embeddable":true,"href":"https:\/\/www.elsindical.com.ar\/notas\/wp-json\/wp\/v2\/media\/76382"}],"wp:attachment":[{"href":"https:\/\/www.elsindical.com.ar\/notas\/wp-json\/wp\/v2\/media?parent=76381"}],"wp:term":[{"taxonomy":"category","embeddable":true,"href":"https:\/\/www.elsindical.com.ar\/notas\/wp-json\/wp\/v2\/categories?post=76381"},{"taxonomy":"post_tag","embeddable":true,"href":"https:\/\/www.elsindical.com.ar\/notas\/wp-json\/wp\/v2\/tags?post=76381"}],"curies":[{"name":"wp","href":"https:\/\/api.w.org\/{rel}","templated":true}]}}