{"id":76361,"date":"2018-02-26T13:36:24","date_gmt":"2018-02-26T16:36:24","guid":{"rendered":"http:\/\/www.elsindical.com.ar\/notas\/?p=76361"},"modified":"2018-02-26T13:36:24","modified_gmt":"2018-02-26T16:36:24","slug":"llegada-de-la-bicicleteada-por-los-glaciares","status":"publish","type":"post","link":"https:\/\/www.elsindical.com.ar\/notas\/llegada-de-la-bicicleteada-por-los-glaciares\/","title":{"rendered":"\u00a1Llegada de la Bicicleteada por los Glaciares!"},"content":{"rendered":"<p><a href=\"http:\/\/www.elsindical.com.ar\/notas\/var\/www\/html\/notas\/wp-content\/uploads\/2018\/02\/bicicleteada-por-los-glaciares.png\"><img loading=\"lazy\" decoding=\"async\" class=\"alignnone size-medium wp-image-76362\" src=\"http:\/\/www.elsindical.com.ar\/notas\/var\/www\/html\/notas\/wp-content\/uploads\/2018\/02\/bicicleteada-por-los-glaciares-300x256.png\" alt=\"\" width=\"300\" height=\"256\" srcset=\"https:\/\/www.elsindical.com.ar\/notas\/var\/www\/html\/notas\/wp-content\/uploads\/2018\/02\/bicicleteada-por-los-glaciares-300x256.png 300w, https:\/\/www.elsindical.com.ar\/notas\/var\/www\/html\/notas\/wp-content\/uploads\/2018\/02\/bicicleteada-por-los-glaciares-352x300.png 352w, https:\/\/www.elsindical.com.ar\/notas\/var\/www\/html\/notas\/wp-content\/uploads\/2018\/02\/bicicleteada-por-los-glaciares.png 600w\" sizes=\"auto, (max-width: 300px) 100vw, 300px\" \/><\/a>De J\u00e1chal (San Juan) a Buenos Aires: Llegada de la \u00abBicicleteada\u00bb de 1.400 km en defensa de los glaciares<\/p>\n<p>Martes 27 de Febrero<br \/>\n18 hs Plaza Congreso (CABA)<\/p>\n<p>#LaLeyDeGlaciaresNoSeToca<\/p>\n<p>Con el lema \u00abBicicleteada por la no modificaci\u00f3n y la aplicaci\u00f3n inmediata de la Ley de Glaciares\u00bb, la asamblea J\u00e1chal No Se Toca llegar\u00e1 a la Ciudad de Buenos Aires luego de su \u00abconvocatoria a todo el pueblo a participar y acompa\u00f1ar esta traves\u00eda que recorrer\u00e1 la misma distancia y geograf\u00eda que atraviesa el agua de los Glaciares de los Andes hasta el mar Atl\u00e1ntico, nutriendo y dando vida y producci\u00f3n por todo su paso.\u00bb<\/p>\n<p>Ante la amenaza de modificaci\u00f3n de la Ley de Glaciares por parte del Gobierno nacional y la impunidad de la minera Barrick Gold, la Asamblea \u00abJ\u00e1chal No Se Toca\u00bb realiza esta gran bicicleteada en defensa de la Ley de Glaciares y las fuentes primarias de agua para todo el pa\u00eds.*<\/p>\n<p>Han recibido el apoyo de innumerables organizaciones sociales, ambientalistas y pol\u00edticas y de artistas como el cantante Axel, la actriz Julieta D\u00edaz, Piti Fern\u00e1ndez (del grupo \u00abLas Pastillas del Abuelo\u00bb), la actriz y cantante Elena Roger, la actriz Katjia Alemann, el actor Juan Palomino, la cineasta Lita Stantic, entre muchos otros y otras.<\/p>\n<p>Llegan a la Ciudad de Buenos Aires el d\u00eda martes 27 de febrero, a las 18 hs, momento donde los asamble\u00edstas ser\u00e1n recibidos con un festival en plaza Congreso con Norita Corti\u00f1as y Adolfo Perez Esquivel, acompa\u00f1ados de la solidaridad de artistas y activistas de todo tipo, organizaciones sociales y de pol\u00edticos comprometidos en la defensa de nuestros amenazados bienes naturales, como los glaciares. Previamente recorrer\u00e1n las calles del centro de la ciudad sumando voluntades a la caravana de bicicletas.<\/p>\n<p>* Abajo una explicaci\u00f3n mas detallada de la problem\u00e1tica<\/p>\n<p>Contactos de Prensa:<\/p>\n<p>Saul Zeballos (de J\u00e1chal, viene en la bicicleteada) &#8211; 2644526839<br \/>\nDomingo Jofr\u00e9 (de J\u00e1chal, viene en la bicicleteada) &#8211; 2644770999<br \/>\nEnrique Viale (Abogado de la Asamblea de J\u00e1chal) &#8211; 1151207518<br \/>\nCristina Martin (ONG Conciencia Solidaria) &#8211; 1132641298<\/p>\n<p>Evento en Facebook con info actualizada: https:\/\/www.facebook.com\/event s\/808916925962605\/<\/p>\n<p>BATALLA DECISIVA EN DEFENSA DEL AGUA<\/p>\n<p>La #Bicicleteada de la Asamblea J\u00e1chal no se Toca es una Alerta y Convocatoria a todo el pa\u00eds a defender la Ley de Glaciares, que es defender nuestra Agua, nuestros Derechos, nuestra Vida.<\/p>\n<p>Este pueblo sanjuanino, gravemente afectado por los derrames de cianuro de la mina Veladero operada por la transnacional Barrick, recorrer\u00e1 la misma distancia y geograf\u00eda que recorre el agua de los Glaciares de los Andes hasta el mar Atl\u00e1ntico, nutriendo y dando vida y producci\u00f3n por todo su paso.<\/p>\n<p>\u00bfPor qu\u00e9? Funcionarios nacionales han manifestado la intenci\u00f3n de modificar negativamente la Ley Nacional de Protecci\u00f3n de Glaciares para reducir las \u00e1reas protegidas. Esto para favorecer a las grandes transnacionales y el avance de la explotaci\u00f3n megaminera. As\u00ed, el gobierno nacional, gobernadores e intereses promineros pretenden enga\u00f1ar a la sociedad diciendo que esta ley implica definiciones demasiado amplias. Lo cierto es que la ley proh\u00edbe diversas actividades -no s\u00f3lo la miner\u00eda- en una porci\u00f3n muy peque\u00f1a de nuestro territorio, en torno al 1%.<\/p>\n<p>\u00a1No debemos permitirlo! Los glaciares y el \u00e1rea periglacial constituyen una vital reserva y fuente de agua dulce. Son un bien com\u00fan al que todas y todos tenemos derecho y necesitamos para la vida y producci\u00f3n, m\u00e1s all\u00e1 del lugar donde vivimos o los intereses corporativos. Los glaciares son nuestras f\u00e1bricas de agua, ellos alimentan la mayor\u00eda de los r\u00edos del pa\u00eds.<\/p>\n<p>\u00a1Basta de saqueo e impunidad! Lo que el gobierno y las empresas quieren ocultar es que existen m\u00e1s de 40 proyectos megamineros que colisionan con la ley. Si se reduce la zona de protecci\u00f3n se generar\u00e1 graves e irreversibles da\u00f1os en la vida de todos nosotrxs. Desde la aprobaci\u00f3n de la Ley de Glaciares se ha obstaculizado de mil maneras su aplicaci\u00f3n efectiva, permitiendo, por ejemplo, los tres derrames de cianuro de la mina Veladero que contaminaron 5 r\u00edos. Por ello, hace falta reforzar su aplicaci\u00f3n, no reducir su cobertura protectora.<\/p>\n<p>Ante la amenaza de modificaci\u00f3n de la Ley, la impunidad de Barrick y la complicidad gubernamental, la Asamblea \u00abJ\u00e1chal No Se Toca\u00bb realiza la gran bicicleteada atravesando gran parte del pa\u00eds, desde San Juan hasta la Ciudad de Buenos Aires, en defensa de la Ley de Glaciares y las fuentes primarias de agua para todo el pa\u00eds.<\/p>\n<p>En J\u00e1chal y muchos otros pueblos de la cordillera se vienen sosteniendo esta lucha por la Vida y el Agua.<\/p>\n<p>Sum\u00e9monos todxs, porque el agua vale m\u00e1s que el oro&#8230;<br \/>\n#LaLeyDeGlaciaresNoSeToca<\/p>\n","protected":false},"excerpt":{"rendered":"<p>De J\u00e1chal (San Juan) a Buenos Aires: Llegada de la \u00abBicicleteada\u00bb de 1.400 km en defensa de los glaciares Martes 27 de Febrero 18 hs Plaza Congreso (CABA) #LaLeyDeGlaciaresNoSeToca Con el lema \u00abBicicleteada por la no modificaci\u00f3n y la aplicaci\u00f3n inmediata de la Ley de Glaciares\u00bb, la asamblea J\u00e1chal No Se Toca llegar\u00e1 a la&hellip;<\/p>\n","protected":false},"author":1,"featured_media":76362,"comment_status":"open","ping_status":"open","sticky":false,"template":"","format":"standard","meta":{"footnotes":""},"categories":[25],"tags":[27864,86,28303],"class_list":["post-76361","post","type-post","status-publish","format-standard","has-post-thumbnail","hentry","category-sociedad","tag-bicicleteada","tag-congreso","tag-glaciares"],"_links":{"self":[{"href":"https:\/\/www.elsindical.com.ar\/notas\/wp-json\/wp\/v2\/posts\/76361","targetHints":{"allow":["GET"]}}],"collection":[{"href":"https:\/\/www.elsindical.com.ar\/notas\/wp-json\/wp\/v2\/posts"}],"about":[{"href":"https:\/\/www.elsindical.com.ar\/notas\/wp-json\/wp\/v2\/types\/post"}],"author":[{"embeddable":true,"href":"https:\/\/www.elsindical.com.ar\/notas\/wp-json\/wp\/v2\/users\/1"}],"replies":[{"embeddable":true,"href":"https:\/\/www.elsindical.com.ar\/notas\/wp-json\/wp\/v2\/comments?post=76361"}],"version-history":[{"count":1,"href":"https:\/\/www.elsindical.com.ar\/notas\/wp-json\/wp\/v2\/posts\/76361\/revisions"}],"predecessor-version":[{"id":76363,"href":"https:\/\/www.elsindical.com.ar\/notas\/wp-json\/wp\/v2\/posts\/76361\/revisions\/76363"}],"wp:featuredmedia":[{"embeddable":true,"href":"https:\/\/www.elsindical.com.ar\/notas\/wp-json\/wp\/v2\/media\/76362"}],"wp:attachment":[{"href":"https:\/\/www.elsindical.com.ar\/notas\/wp-json\/wp\/v2\/media?parent=76361"}],"wp:term":[{"taxonomy":"category","embeddable":true,"href":"https:\/\/www.elsindical.com.ar\/notas\/wp-json\/wp\/v2\/categories?post=76361"},{"taxonomy":"post_tag","embeddable":true,"href":"https:\/\/www.elsindical.com.ar\/notas\/wp-json\/wp\/v2\/tags?post=76361"}],"curies":[{"name":"wp","href":"https:\/\/api.w.org\/{rel}","templated":true}]}}