{"id":763,"date":"2009-10-01T02:15:27","date_gmt":"2009-10-01T05:15:27","guid":{"rendered":"http:\/\/www.elsindical.com.ar\/notas\/?p=763"},"modified":"2017-05-26T09:50:43","modified_gmt":"2017-05-26T12:50:43","slug":"marcha-a-la-legislatura-contra-macri-y-los-negociados-en-el-banco-ciudad","status":"publish","type":"post","link":"https:\/\/www.elsindical.com.ar\/notas\/marcha-a-la-legislatura-contra-macri-y-los-negociados-en-el-banco-ciudad\/","title":{"rendered":"Marcha a la Legislatura contra Macri y los negociados en el Banco Ciudad"},"content":{"rendered":"<p style=\"text-align: justify;\"><img loading=\"lazy\" decoding=\"async\" class=\"alignleft size-full wp-image-764\" title=\"ovejas-Banco-Ciudad\" src=\"http:\/\/www.elsindical.com.ar\/notas\/var\/www\/html\/notas\/wp-content\/uploads\/2009\/10\/ovejas-Banco-Ciudad.jpg\" alt=\"ovejas-Banco-Ciudad\" width=\"312\" height=\"204\" srcset=\"https:\/\/www.elsindical.com.ar\/notas\/var\/www\/html\/notas\/wp-content\/uploads\/2009\/10\/ovejas-Banco-Ciudad.jpg 312w, https:\/\/www.elsindical.com.ar\/notas\/var\/www\/html\/notas\/wp-content\/uploads\/2009\/10\/ovejas-Banco-Ciudad-300x196.jpg 300w\" sizes=\"auto, (max-width: 312px) 100vw, 312px\" \/>Reproducimos comunicado de prensa:<\/p>\n<p style=\"text-align: justify;\">Ma\u00f1ana a las 17:00 hs, en la intersecci\u00f3n de las calles Florida y Sarmiento, se espera a toda la ciudadan\u00eda, para marchar hacia la Legislatura, y entregar un petitorio denunciando los negociados en el Banco Ciudad.<\/p>\n<p style=\"text-align: justify;\">A partir de hoy, 1 de octubre, el Banco Ciudad deja de cobrar AFIP, a ning\u00fan contribuyente que no sea cliente del banco, lo mismo con los dem\u00e1s pagos de servicios. Los cajeros han recibido ordenes de no cobrar a nadie que no sea cliente del banco, y ofrecer cajas de ahorro o bien el servicio Home Banking.<\/p>\n<p style=\"text-align: justify;\">Caso contrario recomendar \u00abPago F\u00e1cil\u00bb, empresa vinculada al Jefe de Gobierno porte\u00f1o.<\/p>\n<p style=\"text-align: justify;\">A esto se suma la intenci\u00f3n de vender edificios del banco o bien alquilarlos y trasladar al personal a un nuevo emprendimiento edilicio en la zona de Parque Patricios.<\/p>\n<p style=\"text-align: justify;\">La ecuaci\u00f3n es sencilla achicamiento edilicio y reducci\u00f3n de personal con la excusa de menos tareas.<\/p>\n<p style=\"text-align: justify;\">Esperamos a todos los vecinos que se quieran sumar ya que el banco es de todos y no se pueden imponer procedimientos de bancos privados en un banco p\u00fablico.<\/p>\n<p style=\"text-align: justify;\">Porque no somos ovejas, Macri, los negociados y el maltrato en el Banco Ciudad no pasar\u00e1n.<\/p>\n","protected":false},"excerpt":{"rendered":"<p>Reproducimos comunicado de prensa: Ma\u00f1ana a las 17:00 hs, en la intersecci\u00f3n de las calles Florida y Sarmiento, se espera a toda la ciudadan\u00eda, para marchar hacia la Legislatura, y entregar un petitorio denunciando los negociados en el Banco Ciudad. A partir de hoy, 1 de octubre, el Banco Ciudad deja de cobrar AFIP, a&hellip;<\/p>\n","protected":false},"author":1,"featured_media":0,"comment_status":"open","ping_status":"open","sticky":false,"template":"","format":"standard","meta":{"footnotes":""},"categories":[25],"tags":[35,449,76],"class_list":["post-763","post","type-post","status-publish","format-standard","hentry","category-sociedad","tag-banco-ciudad","tag-legislatura","tag-mauricio-macri"],"_links":{"self":[{"href":"https:\/\/www.elsindical.com.ar\/notas\/wp-json\/wp\/v2\/posts\/763","targetHints":{"allow":["GET"]}}],"collection":[{"href":"https:\/\/www.elsindical.com.ar\/notas\/wp-json\/wp\/v2\/posts"}],"about":[{"href":"https:\/\/www.elsindical.com.ar\/notas\/wp-json\/wp\/v2\/types\/post"}],"author":[{"embeddable":true,"href":"https:\/\/www.elsindical.com.ar\/notas\/wp-json\/wp\/v2\/users\/1"}],"replies":[{"embeddable":true,"href":"https:\/\/www.elsindical.com.ar\/notas\/wp-json\/wp\/v2\/comments?post=763"}],"version-history":[{"count":3,"href":"https:\/\/www.elsindical.com.ar\/notas\/wp-json\/wp\/v2\/posts\/763\/revisions"}],"predecessor-version":[{"id":68291,"href":"https:\/\/www.elsindical.com.ar\/notas\/wp-json\/wp\/v2\/posts\/763\/revisions\/68291"}],"wp:attachment":[{"href":"https:\/\/www.elsindical.com.ar\/notas\/wp-json\/wp\/v2\/media?parent=763"}],"wp:term":[{"taxonomy":"category","embeddable":true,"href":"https:\/\/www.elsindical.com.ar\/notas\/wp-json\/wp\/v2\/categories?post=763"},{"taxonomy":"post_tag","embeddable":true,"href":"https:\/\/www.elsindical.com.ar\/notas\/wp-json\/wp\/v2\/tags?post=763"}],"curies":[{"name":"wp","href":"https:\/\/api.w.org\/{rel}","templated":true}]}}