{"id":76197,"date":"2018-02-25T21:15:01","date_gmt":"2018-02-26T00:15:01","guid":{"rendered":"http:\/\/www.elsindical.com.ar\/notas\/?p=76197"},"modified":"2018-02-25T21:15:01","modified_gmt":"2018-02-26T00:15:01","slug":"cada-vez-mas-hinchadas-insultan-al-presidente-mientras-se-juegan-los-partidos","status":"publish","type":"post","link":"https:\/\/www.elsindical.com.ar\/notas\/cada-vez-mas-hinchadas-insultan-al-presidente-mientras-se-juegan-los-partidos\/","title":{"rendered":"Cada vez m\u00e1s hinchadas insultan al presidente mientras se juegan los partidos"},"content":{"rendered":"<p><span class=\"text description col-xs-8 col-lg-9\">\u00a0 <a href=\"http:\/\/www.elsindical.com.ar\/notas\/var\/www\/html\/notas\/wp-content\/uploads\/2018\/02\/hinchada-de-Independiente.jpg\"><img loading=\"lazy\" decoding=\"async\" class=\"alignnone size-medium wp-image-76198\" src=\"http:\/\/www.elsindical.com.ar\/notas\/var\/www\/html\/notas\/wp-content\/uploads\/2018\/02\/hinchada-de-Independiente-300x192.jpg\" alt=\"\" width=\"300\" height=\"192\" srcset=\"https:\/\/www.elsindical.com.ar\/notas\/var\/www\/html\/notas\/wp-content\/uploads\/2018\/02\/hinchada-de-Independiente-300x192.jpg 300w, https:\/\/www.elsindical.com.ar\/notas\/var\/www\/html\/notas\/wp-content\/uploads\/2018\/02\/hinchada-de-Independiente-768x492.jpg 768w, https:\/\/www.elsindical.com.ar\/notas\/var\/www\/html\/notas\/wp-content\/uploads\/2018\/02\/hinchada-de-Independiente-468x300.jpg 468w, https:\/\/www.elsindical.com.ar\/notas\/var\/www\/html\/notas\/wp-content\/uploads\/2018\/02\/hinchada-de-Independiente.jpg 1000w\" sizes=\"auto, (max-width: 300px) 100vw, 300px\" \/><\/a>Hab\u00eda sucedido con San Lorenzo y luego con River Plate. Este domingo, los c\u00e1nticos insultantes contra el presidente Macri se escucharon tambi\u00e9n en el estadio de Independiente y en el de Chacarita.<\/span><\/p>\n<p>Si bien los grandes medios, que ya hace tiempo han demostrado priorizar la pauta oficial por sobre la realidad, intentan explicar los insultos al presidente Mauricio Macri por cuestiones del f\u00fatbol, lo real es que la situaci\u00f3n econ\u00f3mica del pa\u00eds ha dejado a la clase trabajadora al\u00a0 borde de un abismo en la econom\u00eda familiar.<\/p>\n","protected":false},"excerpt":{"rendered":"<p>\u00a0 Hab\u00eda sucedido con San Lorenzo y luego con River Plate. Este domingo, los c\u00e1nticos insultantes contra el presidente Macri se escucharon tambi\u00e9n en el estadio de Independiente y en el de Chacarita. Si bien los grandes medios, que ya hace tiempo han demostrado priorizar la pauta oficial por sobre la realidad, intentan explicar los&hellip;<\/p>\n","protected":false},"author":1,"featured_media":76198,"comment_status":"open","ping_status":"open","sticky":false,"template":"","format":"standard","meta":{"footnotes":""},"categories":[25],"tags":[12447,4449,322,76,547],"class_list":["post-76197","post","type-post","status-publish","format-standard","has-post-thumbnail","hentry","category-sociedad","tag-hinchadas","tag-independiente","tag-insultos","tag-mauricio-macri","tag-presidente"],"_links":{"self":[{"href":"https:\/\/www.elsindical.com.ar\/notas\/wp-json\/wp\/v2\/posts\/76197","targetHints":{"allow":["GET"]}}],"collection":[{"href":"https:\/\/www.elsindical.com.ar\/notas\/wp-json\/wp\/v2\/posts"}],"about":[{"href":"https:\/\/www.elsindical.com.ar\/notas\/wp-json\/wp\/v2\/types\/post"}],"author":[{"embeddable":true,"href":"https:\/\/www.elsindical.com.ar\/notas\/wp-json\/wp\/v2\/users\/1"}],"replies":[{"embeddable":true,"href":"https:\/\/www.elsindical.com.ar\/notas\/wp-json\/wp\/v2\/comments?post=76197"}],"version-history":[{"count":1,"href":"https:\/\/www.elsindical.com.ar\/notas\/wp-json\/wp\/v2\/posts\/76197\/revisions"}],"predecessor-version":[{"id":76199,"href":"https:\/\/www.elsindical.com.ar\/notas\/wp-json\/wp\/v2\/posts\/76197\/revisions\/76199"}],"wp:featuredmedia":[{"embeddable":true,"href":"https:\/\/www.elsindical.com.ar\/notas\/wp-json\/wp\/v2\/media\/76198"}],"wp:attachment":[{"href":"https:\/\/www.elsindical.com.ar\/notas\/wp-json\/wp\/v2\/media?parent=76197"}],"wp:term":[{"taxonomy":"category","embeddable":true,"href":"https:\/\/www.elsindical.com.ar\/notas\/wp-json\/wp\/v2\/categories?post=76197"},{"taxonomy":"post_tag","embeddable":true,"href":"https:\/\/www.elsindical.com.ar\/notas\/wp-json\/wp\/v2\/tags?post=76197"}],"curies":[{"name":"wp","href":"https:\/\/api.w.org\/{rel}","templated":true}]}}