{"id":76186,"date":"2018-02-25T16:39:13","date_gmt":"2018-02-25T19:39:13","guid":{"rendered":"http:\/\/www.elsindical.com.ar\/notas\/?p=76186"},"modified":"2018-02-25T16:39:13","modified_gmt":"2018-02-25T19:39:13","slug":"monsenor-aguer-duro-con-macri-por-debate-sobre-el-aborto-es-un-gobierno-sin-principios","status":"publish","type":"post","link":"https:\/\/www.elsindical.com.ar\/notas\/monsenor-aguer-duro-con-macri-por-debate-sobre-el-aborto-es-un-gobierno-sin-principios\/","title":{"rendered":"Monse\u00f1or Aguer, duro con Macri por debate sobre el aborto: \u00abEs un Gobierno sin principios\u00bb"},"content":{"rendered":"<p><em><span class=\"text description col-xs-8 col-lg-9\">\u00a0<a href=\"http:\/\/www.elsindical.com.ar\/notas\/var\/www\/html\/notas\/wp-content\/uploads\/2018\/02\/Monse\u00f1or-Aguer.jpg\"><img loading=\"lazy\" decoding=\"async\" class=\"alignnone size-medium wp-image-76187\" src=\"http:\/\/www.elsindical.com.ar\/notas\/var\/www\/html\/notas\/wp-content\/uploads\/2018\/02\/Monse\u00f1or-Aguer-300x162.jpg\" alt=\"\" width=\"300\" height=\"162\" srcset=\"https:\/\/www.elsindical.com.ar\/notas\/var\/www\/html\/notas\/wp-content\/uploads\/2018\/02\/Monse\u00f1or-Aguer-300x162.jpg 300w, https:\/\/www.elsindical.com.ar\/notas\/var\/www\/html\/notas\/wp-content\/uploads\/2018\/02\/Monse\u00f1or-Aguer.jpg 768w, https:\/\/www.elsindical.com.ar\/notas\/var\/www\/html\/notas\/wp-content\/uploads\/2018\/02\/Monse\u00f1or-Aguer-500x270.jpg 500w\" sizes=\"auto, (max-width: 300px) 100vw, 300px\" \/><\/a>El arzobispo de La Plata H\u00e9ctor Aguer critic\u00f3 al presidente Macri por dar v\u00eda libre al debate sobre el aborto. \u00abEste es un gobierno sin principios de orden moral y natural\u00bb.<\/span><\/em><\/p>\n<p>El arzobispo de La Plata H\u00e9ctor Aguer critic\u00f3 al presidente Mauricio Macri por haber dado v\u00eda libre al debate sobre el aborto. \u00abEste es un gobierno sin principios de orden moral y natural\u00bb.<\/p>\n<p>\u201cHay una serie de contradicciones en el caso del Presidente actual, un hombre que ha sido formado en el colegio Newman y en la UCA, que yo creo que ni sabe hacerse bien la se\u00f1al de la cruz, y ahora sale con estas cosas\u00bb, dijo.<\/p>\n<p>\u00abLa doctrina de la Iglesia siempre ha ubicado al aborto dentro del mandamiento &#8216;No matar\u00e1s. Lo que me llama la atenci\u00f3n de este proyecto es que se despenalizar\u00eda el aborto a partir de las 14 semanas. Yo me pregunto, \u00bfpor qu\u00e9 no despu\u00e9s? \u00bfAntes qu\u00e9 es eso, un bicho? \u00bfSe convierte en humano repentinamente a las 14 semanas?\u00bb, agreg\u00f3.<\/p>\n<p>\u00abTendr\u00edan que explicar qu\u00e9 es ese bicho que hay en el seno de una mujer, cualquiera sea el modo en que se haya engendrado, incluso si fue en una violaci\u00f3n. Desde el momento de la concepci\u00f3n hay una vida humana que se va a desarrollar\u00bb, y plante\u00f3 \u00abrazones teol\u00f3gicas, doctrinarias. Nuestro se\u00f1or Jesucristo, el hijo de Dios hecho hombre, fue un embri\u00f3n, fue un feto en el seno de la Virgen Sant\u00edsima, y naci\u00f3 como un ni\u00f1o\u00bb.<\/p>\n<p>\u00abPara liberarla de ese peso se mata al ni\u00f1o&#8230; \u00bfpor qu\u00e9 no se pena de muerte al violador? \u00bfNo nos atrevemos a eso?\u00bb, se pregunt\u00f3. Sin embargo, aclar\u00f3 que no est\u00e1 a favor de la pena capital y que s\u00f3lo quer\u00eda hacer una analog\u00eda para \u00abmostrar lo que no se puede hacer\u00bb.<\/p>\n<p>Sobre el Papa dijo: \u00abConozco al Papa hace 40 a\u00f1os y tengo un trato frecuente con \u00e9l. Me disgusta un poco que muchos oportunistas se agarren de la sotana blanca y el Vicario de Cristo. No metan al Papa en cuestiones en las que el Papa no desea meterse\u00bb.<\/p>\n","protected":false},"excerpt":{"rendered":"<p>\u00a0El arzobispo de La Plata H\u00e9ctor Aguer critic\u00f3 al presidente Macri por dar v\u00eda libre al debate sobre el aborto. \u00abEste es un gobierno sin principios de orden moral y natural\u00bb. El arzobispo de La Plata H\u00e9ctor Aguer critic\u00f3 al presidente Mauricio Macri por haber dado v\u00eda libre al debate sobre el aborto. \u00abEste es&hellip;<\/p>\n","protected":false},"author":1,"featured_media":76187,"comment_status":"open","ping_status":"open","sticky":false,"template":"","format":"standard","meta":{"footnotes":""},"categories":[13],"tags":[28300,239,76,9892],"class_list":["post-76186","post","type-post","status-publish","format-standard","has-post-thumbnail","hentry","category-politica","tag-arzobispo-hector-aguer","tag-la-plata","tag-mauricio-macri","tag-uca"],"_links":{"self":[{"href":"https:\/\/www.elsindical.com.ar\/notas\/wp-json\/wp\/v2\/posts\/76186","targetHints":{"allow":["GET"]}}],"collection":[{"href":"https:\/\/www.elsindical.com.ar\/notas\/wp-json\/wp\/v2\/posts"}],"about":[{"href":"https:\/\/www.elsindical.com.ar\/notas\/wp-json\/wp\/v2\/types\/post"}],"author":[{"embeddable":true,"href":"https:\/\/www.elsindical.com.ar\/notas\/wp-json\/wp\/v2\/users\/1"}],"replies":[{"embeddable":true,"href":"https:\/\/www.elsindical.com.ar\/notas\/wp-json\/wp\/v2\/comments?post=76186"}],"version-history":[{"count":1,"href":"https:\/\/www.elsindical.com.ar\/notas\/wp-json\/wp\/v2\/posts\/76186\/revisions"}],"predecessor-version":[{"id":76188,"href":"https:\/\/www.elsindical.com.ar\/notas\/wp-json\/wp\/v2\/posts\/76186\/revisions\/76188"}],"wp:featuredmedia":[{"embeddable":true,"href":"https:\/\/www.elsindical.com.ar\/notas\/wp-json\/wp\/v2\/media\/76187"}],"wp:attachment":[{"href":"https:\/\/www.elsindical.com.ar\/notas\/wp-json\/wp\/v2\/media?parent=76186"}],"wp:term":[{"taxonomy":"category","embeddable":true,"href":"https:\/\/www.elsindical.com.ar\/notas\/wp-json\/wp\/v2\/categories?post=76186"},{"taxonomy":"post_tag","embeddable":true,"href":"https:\/\/www.elsindical.com.ar\/notas\/wp-json\/wp\/v2\/tags?post=76186"}],"curies":[{"name":"wp","href":"https:\/\/api.w.org\/{rel}","templated":true}]}}