{"id":76156,"date":"2018-02-23T13:50:13","date_gmt":"2018-02-23T16:50:13","guid":{"rendered":"http:\/\/www.elsindical.com.ar\/notas\/?p=76156"},"modified":"2018-02-23T13:50:13","modified_gmt":"2018-02-23T16:50:13","slug":"nicolas-braun-vicepresidente-de-supermercados-la-anonima-disertara-en-el-retail-day-enr16-el-proximo-8-de-mayo","status":"publish","type":"post","link":"https:\/\/www.elsindical.com.ar\/notas\/nicolas-braun-vicepresidente-de-supermercados-la-anonima-disertara-en-el-retail-day-enr16-el-proximo-8-de-mayo\/","title":{"rendered":"Nicol\u00e1s Braun, vicepresidente de Supermercados La An\u00f3nima, disertar\u00e1 en el Retail Day &#8211; ENR16 el pr\u00f3ximo 8 de mayo."},"content":{"rendered":"<p><a href=\"http:\/\/www.elsindical.com.ar\/notas\/var\/www\/html\/notas\/wp-content\/uploads\/2018\/02\/Nicol\u00e1s-Braun.jpg\"><img loading=\"lazy\" decoding=\"async\" class=\"alignnone size-medium wp-image-76157\" src=\"http:\/\/www.elsindical.com.ar\/notas\/var\/www\/html\/notas\/wp-content\/uploads\/2018\/02\/Nicol\u00e1s-Braun-300x200.jpg\" alt=\"\" width=\"300\" height=\"200\" srcset=\"https:\/\/www.elsindical.com.ar\/notas\/var\/www\/html\/notas\/wp-content\/uploads\/2018\/02\/Nicol\u00e1s-Braun-300x200.jpg 300w, https:\/\/www.elsindical.com.ar\/notas\/var\/www\/html\/notas\/wp-content\/uploads\/2018\/02\/Nicol\u00e1s-Braun-450x300.jpg 450w, https:\/\/www.elsindical.com.ar\/notas\/var\/www\/html\/notas\/wp-content\/uploads\/2018\/02\/Nicol\u00e1s-Braun.jpg 600w\" sizes=\"auto, (max-width: 300px) 100vw, 300px\" \/><\/a>En el pr\u00f3ximo Retail Day &#8211; Encuentro Nacional Retailer, que tendr\u00e1 lugar el 8 de mayo en el Hotel Hilton Buenos Aires, hablar\u00e1 ante los presentes Nicol\u00e1s Braun, vicepresidente de Supermercados La An\u00f3nima, una de las cadenas nacionales que pisa fuerte en nuestro pa\u00eds.<\/p>\n<p>Adem\u00e1s, el ENR16 contar\u00e1 con la presencia de varias personalidades del sector, la econom\u00eda y la industria, por lo que los invitamos a agendarse la fecha del evento retail del a\u00f1o.<\/p>\n<p>\u00a1Se parte del Retail Day &#8211; 16to Encuentro Nacional Retailer! Contacto: <span id=\"cloakdce0153c4ea80756ca71214de2fde0e1\"><a href=\"mailto:info@retail.com.ar\">info@retail.com.ar<\/a><\/span><\/p>\n<p>M\u00e1s informaci\u00f3n:\u00a0<a href=\"http:\/\/www.enr.com\/\">www.enr.com<\/a>.ar<\/p>\n<p><strong>Fuente: WebRetail<\/strong><\/p>\n","protected":false},"excerpt":{"rendered":"<p>En el pr\u00f3ximo Retail Day &#8211; Encuentro Nacional Retailer, que tendr\u00e1 lugar el 8 de mayo en el Hotel Hilton Buenos Aires, hablar\u00e1 ante los presentes Nicol\u00e1s Braun, vicepresidente de Supermercados La An\u00f3nima, una de las cadenas nacionales que pisa fuerte en nuestro pa\u00eds. Adem\u00e1s, el ENR16 contar\u00e1 con la presencia de varias personalidades del&hellip;<\/p>\n","protected":false},"author":1,"featured_media":76157,"comment_status":"open","ping_status":"open","sticky":false,"template":"","format":"standard","meta":{"footnotes":""},"categories":[28],"tags":[28294,28296,28295],"class_list":["post-76156","post","type-post","status-publish","format-standard","has-post-thumbnail","hentry","category-empresariales","tag-la-anonima","tag-nicolas-braun","tag-retail-day"],"_links":{"self":[{"href":"https:\/\/www.elsindical.com.ar\/notas\/wp-json\/wp\/v2\/posts\/76156","targetHints":{"allow":["GET"]}}],"collection":[{"href":"https:\/\/www.elsindical.com.ar\/notas\/wp-json\/wp\/v2\/posts"}],"about":[{"href":"https:\/\/www.elsindical.com.ar\/notas\/wp-json\/wp\/v2\/types\/post"}],"author":[{"embeddable":true,"href":"https:\/\/www.elsindical.com.ar\/notas\/wp-json\/wp\/v2\/users\/1"}],"replies":[{"embeddable":true,"href":"https:\/\/www.elsindical.com.ar\/notas\/wp-json\/wp\/v2\/comments?post=76156"}],"version-history":[{"count":1,"href":"https:\/\/www.elsindical.com.ar\/notas\/wp-json\/wp\/v2\/posts\/76156\/revisions"}],"predecessor-version":[{"id":76158,"href":"https:\/\/www.elsindical.com.ar\/notas\/wp-json\/wp\/v2\/posts\/76156\/revisions\/76158"}],"wp:featuredmedia":[{"embeddable":true,"href":"https:\/\/www.elsindical.com.ar\/notas\/wp-json\/wp\/v2\/media\/76157"}],"wp:attachment":[{"href":"https:\/\/www.elsindical.com.ar\/notas\/wp-json\/wp\/v2\/media?parent=76156"}],"wp:term":[{"taxonomy":"category","embeddable":true,"href":"https:\/\/www.elsindical.com.ar\/notas\/wp-json\/wp\/v2\/categories?post=76156"},{"taxonomy":"post_tag","embeddable":true,"href":"https:\/\/www.elsindical.com.ar\/notas\/wp-json\/wp\/v2\/tags?post=76156"}],"curies":[{"name":"wp","href":"https:\/\/api.w.org\/{rel}","templated":true}]}}