{"id":76137,"date":"2018-02-23T11:53:51","date_gmt":"2018-02-23T14:53:51","guid":{"rendered":"http:\/\/www.elsindical.com.ar\/notas\/?p=76137"},"modified":"2018-02-23T11:53:51","modified_gmt":"2018-02-23T14:53:51","slug":"olivos-abogado-se-defiende-de-robo-y-mata-a-uno-de-los-delincuentes","status":"publish","type":"post","link":"https:\/\/www.elsindical.com.ar\/notas\/olivos-abogado-se-defiende-de-robo-y-mata-a-uno-de-los-delincuentes\/","title":{"rendered":"Olivos: Abogado se defiende de robo y mata a uno de los delincuentes"},"content":{"rendered":"<p><em>\u00a0<a href=\"http:\/\/www.elsindical.com.ar\/notas\/var\/www\/html\/notas\/wp-content\/uploads\/2018\/02\/Marcelo-David-Alfredo-Arcuaz-Di-Giorgio.jpg\"><img loading=\"lazy\" decoding=\"async\" class=\"alignnone size-medium wp-image-76138\" src=\"http:\/\/www.elsindical.com.ar\/notas\/var\/www\/html\/notas\/wp-content\/uploads\/2018\/02\/Marcelo-David-Alfredo-Arcuaz-Di-Giorgio-197x300.jpg\" alt=\"\" width=\"197\" height=\"300\" srcset=\"https:\/\/www.elsindical.com.ar\/notas\/var\/www\/html\/notas\/wp-content\/uploads\/2018\/02\/Marcelo-David-Alfredo-Arcuaz-Di-Giorgio-197x300.jpg 197w, https:\/\/www.elsindical.com.ar\/notas\/var\/www\/html\/notas\/wp-content\/uploads\/2018\/02\/Marcelo-David-Alfredo-Arcuaz-Di-Giorgio.jpg 672w\" sizes=\"auto, (max-width: 197px) 100vw, 197px\" \/><\/a> Un delincuente fue abatido por un letrado al que intent\u00f3 robarle el auto en Olivos. El profesional no fue detenido porque actu\u00f3 en leg\u00edtima defensa.<\/em><\/p>\n<p>El malviviente acribillado por el letrado en Olivos era el jefe de una peligrosa banda delictiva y se encontraba pr\u00f3fugo tras una salida transitoria de la Unidad 41 de Campana.<\/p>\n<p>Marcelo David Alfredo Arcuaz Di Giorgio, de 32 a\u00f1os, fue abatido el jueves a la noche por el abogado An\u00edbal Mariano Lauris, a quien intent\u00f3 robarle su auto junto a un c\u00f3mplice en la localidad bonaerense de Olivos.<\/p>\n<p>Los delincuentes interceptaron al letrado en un auto Toyota Elios robado. Arcuaz, apodado \u00abPiquito\u00bb, era un preso con salidas transitorias que estaba pr\u00f3fugo desde diciembre por no haber vuelto a la Unidad 41 de Campana del Servicio Penitenciario Bonaerense, donde cumpl\u00eda condena por \u00abrobo agravado\u00bb.<\/p>\n<p>El malviviente estaba preso desde 2012, acusado de ser el jefe la \u00abbanda del cr\u00f3nometro\u00bb y robar al menos 14 bancos del conurbano bonaerense. \u00abPiquito\u00bb fue detenido en una parrilla al paso del barrio Mitre, donde festejaba y repart\u00eda con sus c\u00f3mplices el dinero robado.<\/p>\n<p>Estaba a disposici\u00f3n del Juzgado de Ejecuci\u00f3n Penal 1 de San Isidro y ten\u00eda una condena por \u00abrobo agravado\u00bb. Arcuaz naci\u00f3 el 1 de abril en 1985 y, seg\u00fan su legajo, ten\u00eda fijado domicilio en la calle Francisco Beir\u00f3 al 3200 de la vecina localidad de Olivos -a unas 35 cuadras de donde muri\u00f3-, y era padre de cuatro hijas.<\/p>\n<p>\u00abPiquito\u00bb fue abatido por Lauris, quien se defendi\u00f3 del robo de su BMW con su rev\u00f3lver calibre 38 marca Colt, del que es leg\u00edtimo usuario. El fiscal decidi\u00f3 no detener al abogado por considerar que actu\u00f3 en leg\u00edtima defensa.<\/p>\n<p>El hecho ocurri\u00f3 alrededor de las 21:30 en la calle Italia al 1600 de la mencionada localidad del norte del conurbano bonaerense, cuando el abogado, de 46 a\u00f1os, sal\u00eda de la sede del Sindicato de Empleados Textiles de la Industria y Afines.<\/p>\n<p>El abogado ya hab\u00eda subido a su autom\u00f3vil marca BMW cuando fue interceptado con fines de robo por un auto. Los ladrones lo amenazaron con un arma de fuego. El letrado extrajo un rev\u00f3lver calibre 38 marca Colt, del que es leg\u00edtimo usuario, y se tirote\u00f3 con los delincuentes. Uno de los asaltantes cay\u00f3 muerto en el lugar, mientras que el otro lleg\u00f3 a huir corriendo y dej\u00f3 abandonado el Toyota con el que hab\u00edan llegado.<\/p>\n<p><a href=\"http:\/\/www.elsindical.com.ar\/notas\/var\/www\/html\/notas\/wp-content\/uploads\/2018\/02\/armas-delincuente-abatido-Olivos.jpeg\"><img loading=\"lazy\" decoding=\"async\" class=\"alignnone size-medium wp-image-76142\" src=\"http:\/\/www.elsindical.com.ar\/notas\/var\/www\/html\/notas\/wp-content\/uploads\/2018\/02\/armas-delincuente-abatido-Olivos-300x169.jpeg\" alt=\"\" width=\"300\" height=\"169\" srcset=\"https:\/\/www.elsindical.com.ar\/notas\/var\/www\/html\/notas\/wp-content\/uploads\/2018\/02\/armas-delincuente-abatido-Olivos-300x169.jpeg 300w, https:\/\/www.elsindical.com.ar\/notas\/var\/www\/html\/notas\/wp-content\/uploads\/2018\/02\/armas-delincuente-abatido-Olivos-768x432.jpeg 768w, https:\/\/www.elsindical.com.ar\/notas\/var\/www\/html\/notas\/wp-content\/uploads\/2018\/02\/armas-delincuente-abatido-Olivos-500x281.jpeg 500w, https:\/\/www.elsindical.com.ar\/notas\/var\/www\/html\/notas\/wp-content\/uploads\/2018\/02\/armas-delincuente-abatido-Olivos-460x260.jpeg 460w, https:\/\/www.elsindical.com.ar\/notas\/var\/www\/html\/notas\/wp-content\/uploads\/2018\/02\/armas-delincuente-abatido-Olivos.jpeg 970w\" sizes=\"auto, (max-width: 300px) 100vw, 300px\" \/><\/a> <a href=\"http:\/\/www.elsindical.com.ar\/notas\/var\/www\/html\/notas\/wp-content\/uploads\/2018\/02\/tiroteo-Olivos.jpg\"><img loading=\"lazy\" decoding=\"async\" class=\"alignnone size-medium wp-image-76141\" src=\"http:\/\/www.elsindical.com.ar\/notas\/var\/www\/html\/notas\/wp-content\/uploads\/2018\/02\/tiroteo-Olivos-300x169.jpg\" alt=\"\" width=\"300\" height=\"169\" srcset=\"https:\/\/www.elsindical.com.ar\/notas\/var\/www\/html\/notas\/wp-content\/uploads\/2018\/02\/tiroteo-Olivos-300x169.jpg 300w, https:\/\/www.elsindical.com.ar\/notas\/var\/www\/html\/notas\/wp-content\/uploads\/2018\/02\/tiroteo-Olivos-768x432.jpg 768w, https:\/\/www.elsindical.com.ar\/notas\/var\/www\/html\/notas\/wp-content\/uploads\/2018\/02\/tiroteo-Olivos-500x281.jpg 500w, https:\/\/www.elsindical.com.ar\/notas\/var\/www\/html\/notas\/wp-content\/uploads\/2018\/02\/tiroteo-Olivos-460x260.jpg 460w, https:\/\/www.elsindical.com.ar\/notas\/var\/www\/html\/notas\/wp-content\/uploads\/2018\/02\/tiroteo-Olivos.jpg 970w\" sizes=\"auto, (max-width: 300px) 100vw, 300px\" \/><\/a> <a href=\"http:\/\/www.elsindical.com.ar\/notas\/var\/www\/html\/notas\/wp-content\/uploads\/2018\/02\/delincuente-abatido-en-Olivos.jpg\"><img loading=\"lazy\" decoding=\"async\" class=\"alignnone size-medium wp-image-76140\" src=\"http:\/\/www.elsindical.com.ar\/notas\/var\/www\/html\/notas\/wp-content\/uploads\/2018\/02\/delincuente-abatido-en-Olivos-300x169.jpg\" alt=\"\" width=\"300\" height=\"169\" srcset=\"https:\/\/www.elsindical.com.ar\/notas\/var\/www\/html\/notas\/wp-content\/uploads\/2018\/02\/delincuente-abatido-en-Olivos-300x169.jpg 300w, https:\/\/www.elsindical.com.ar\/notas\/var\/www\/html\/notas\/wp-content\/uploads\/2018\/02\/delincuente-abatido-en-Olivos-768x432.jpg 768w, https:\/\/www.elsindical.com.ar\/notas\/var\/www\/html\/notas\/wp-content\/uploads\/2018\/02\/delincuente-abatido-en-Olivos-500x281.jpg 500w, https:\/\/www.elsindical.com.ar\/notas\/var\/www\/html\/notas\/wp-content\/uploads\/2018\/02\/delincuente-abatido-en-Olivos-460x260.jpg 460w, https:\/\/www.elsindical.com.ar\/notas\/var\/www\/html\/notas\/wp-content\/uploads\/2018\/02\/delincuente-abatido-en-Olivos.jpg 970w\" sizes=\"auto, (max-width: 300px) 100vw, 300px\" \/><\/a> <a href=\"http:\/\/www.elsindical.com.ar\/notas\/var\/www\/html\/notas\/wp-content\/uploads\/2018\/02\/delincuente-abatido-en-Olivos-2.jpg\"><img loading=\"lazy\" decoding=\"async\" class=\"alignnone size-medium wp-image-76139\" src=\"http:\/\/www.elsindical.com.ar\/notas\/var\/www\/html\/notas\/wp-content\/uploads\/2018\/02\/delincuente-abatido-en-Olivos-2-300x169.jpg\" alt=\"\" width=\"300\" height=\"169\" srcset=\"https:\/\/www.elsindical.com.ar\/notas\/var\/www\/html\/notas\/wp-content\/uploads\/2018\/02\/delincuente-abatido-en-Olivos-2-300x169.jpg 300w, https:\/\/www.elsindical.com.ar\/notas\/var\/www\/html\/notas\/wp-content\/uploads\/2018\/02\/delincuente-abatido-en-Olivos-2-768x432.jpg 768w, https:\/\/www.elsindical.com.ar\/notas\/var\/www\/html\/notas\/wp-content\/uploads\/2018\/02\/delincuente-abatido-en-Olivos-2-500x281.jpg 500w, https:\/\/www.elsindical.com.ar\/notas\/var\/www\/html\/notas\/wp-content\/uploads\/2018\/02\/delincuente-abatido-en-Olivos-2-460x260.jpg 460w, https:\/\/www.elsindical.com.ar\/notas\/var\/www\/html\/notas\/wp-content\/uploads\/2018\/02\/delincuente-abatido-en-Olivos-2.jpg 970w\" sizes=\"auto, (max-width: 300px) 100vw, 300px\" \/><\/a><\/p>\n<p>&nbsp;<\/p>\n","protected":false},"excerpt":{"rendered":"<p>\u00a0 Un delincuente fue abatido por un letrado al que intent\u00f3 robarle el auto en Olivos. El profesional no fue detenido porque actu\u00f3 en leg\u00edtima defensa. El malviviente acribillado por el letrado en Olivos era el jefe de una peligrosa banda delictiva y se encontraba pr\u00f3fugo tras una salida transitoria de la Unidad 41 de&hellip;<\/p>\n","protected":false},"author":1,"featured_media":76138,"comment_status":"open","ping_status":"open","sticky":false,"template":"","format":"standard","meta":{"footnotes":""},"categories":[22],"tags":[28290,28289,1395],"class_list":["post-76137","post","type-post","status-publish","format-standard","has-post-thumbnail","hentry","category-policiales","tag-anibal-mariano-lauris","tag-marcelo-david-alfredo-arcuaz-di-giorgio","tag-olivos"],"_links":{"self":[{"href":"https:\/\/www.elsindical.com.ar\/notas\/wp-json\/wp\/v2\/posts\/76137","targetHints":{"allow":["GET"]}}],"collection":[{"href":"https:\/\/www.elsindical.com.ar\/notas\/wp-json\/wp\/v2\/posts"}],"about":[{"href":"https:\/\/www.elsindical.com.ar\/notas\/wp-json\/wp\/v2\/types\/post"}],"author":[{"embeddable":true,"href":"https:\/\/www.elsindical.com.ar\/notas\/wp-json\/wp\/v2\/users\/1"}],"replies":[{"embeddable":true,"href":"https:\/\/www.elsindical.com.ar\/notas\/wp-json\/wp\/v2\/comments?post=76137"}],"version-history":[{"count":1,"href":"https:\/\/www.elsindical.com.ar\/notas\/wp-json\/wp\/v2\/posts\/76137\/revisions"}],"predecessor-version":[{"id":76143,"href":"https:\/\/www.elsindical.com.ar\/notas\/wp-json\/wp\/v2\/posts\/76137\/revisions\/76143"}],"wp:featuredmedia":[{"embeddable":true,"href":"https:\/\/www.elsindical.com.ar\/notas\/wp-json\/wp\/v2\/media\/76138"}],"wp:attachment":[{"href":"https:\/\/www.elsindical.com.ar\/notas\/wp-json\/wp\/v2\/media?parent=76137"}],"wp:term":[{"taxonomy":"category","embeddable":true,"href":"https:\/\/www.elsindical.com.ar\/notas\/wp-json\/wp\/v2\/categories?post=76137"},{"taxonomy":"post_tag","embeddable":true,"href":"https:\/\/www.elsindical.com.ar\/notas\/wp-json\/wp\/v2\/tags?post=76137"}],"curies":[{"name":"wp","href":"https:\/\/api.w.org\/{rel}","templated":true}]}}