{"id":76135,"date":"2018-02-23T11:39:28","date_gmt":"2018-02-23T14:39:28","guid":{"rendered":"http:\/\/www.elsindical.com.ar\/notas\/?p=76135"},"modified":"2018-02-23T11:39:28","modified_gmt":"2018-02-23T14:39:28","slug":"lombardi-miente","status":"publish","type":"post","link":"https:\/\/www.elsindical.com.ar\/notas\/lombardi-miente\/","title":{"rendered":"Lombardi miente"},"content":{"rendered":"<table width=\"100%\">\n<tbody>\n<tr>\n<td>\n<table width=\"100%\">\n<tbody>\n<tr>\n<td>\n<table width=\"100%\">\n<tbody>\n<tr>\n<td><u><strong><a href=\"http:\/\/www.elsindical.com.ar\/notas\/var\/www\/html\/notas\/wp-content\/uploads\/2017\/10\/Lombardi-televisi\u00f3n-p\u00fablica.jpg\"><img loading=\"lazy\" decoding=\"async\" class=\"alignnone size-medium wp-image-73108\" src=\"http:\/\/www.elsindical.com.ar\/notas\/var\/www\/html\/notas\/wp-content\/uploads\/2017\/10\/Lombardi-televisi\u00f3n-p\u00fablica-300x164.jpg\" alt=\"\" width=\"300\" height=\"164\" srcset=\"https:\/\/www.elsindical.com.ar\/notas\/var\/www\/html\/notas\/wp-content\/uploads\/2017\/10\/Lombardi-televisi\u00f3n-p\u00fablica-300x164.jpg 300w, https:\/\/www.elsindical.com.ar\/notas\/var\/www\/html\/notas\/wp-content\/uploads\/2017\/10\/Lombardi-televisi\u00f3n-p\u00fablica-500x273.jpg 500w, https:\/\/www.elsindical.com.ar\/notas\/var\/www\/html\/notas\/wp-content\/uploads\/2017\/10\/Lombardi-televisi\u00f3n-p\u00fablica.jpg 660w\" sizes=\"auto, (max-width: 300px) 100vw, 300px\" \/><\/a>LOMBARDI MIENTE:<\/strong><\/u><br \/>\n<strong>EN LA TV P\u00daBLICA NO HAY DIAL\u00d3GO, NO HAY FEDERALISMO NI PARITARIAS LIBRES, HAY CENSURA<\/strong><br \/>\nEl titular del Sistema Nacional de Medios P\u00fablicos Hern\u00e1n Lombardi una vez m\u00e1s se dedic\u00f3 a recorrer medios de comunicaci\u00f3n para difamar a los trabajadores de la TV P\u00fablica con quienes no dialoga. El colmo de este nuevo raid medi\u00e1tico en el que\u00a0los trabajadores no tenemos derecho a r\u00e9plica es un cable emitido por la Agencia estatal Telam titulado \u201cNo se puede tomar al Estado como un bobo al que todos le sacamos plata\u201d, en donde trata a los representantes gremiales de los trabajadores como \u201cjerarcas sindicales que tienen situaciones de privilegio\u201d. As\u00ed,<u><strong> la agencia estatal es utilizada como un aparato de propaganda para denostar a los propios trabajadores, el mismo d\u00eda que su gesti\u00f3n levant\u00f3 una reuni\u00f3n paritaria por no tener NINGUNA propuesta.<\/strong><\/u><\/p>\n<ol>\n<li><strong>Es mentira<\/strong>\u00a0que los noticieros los fines de semana no salen por las horas extras, como dice Lombardi. Al respecto, las autoridades no realizaron ning\u00fan ofrecimiento serio para destrabar este conflicto. Al d\u00eda de la fecha no hay posibilidad de garantizar coberturas period\u00edsticas los s\u00e1bados y domingos ni ninguna otra los d\u00edas de semana no solo por el quite total de horas extras sino adem\u00e1s por la falta de operatividad que produce su pol\u00edtica de jubilaci\u00f3n anticipada y congelamiento de los concursos p\u00fablicos.<\/li>\n<li><strong>Es mentira<\/strong>\u00a0que en la planta del noticiero de la TV P\u00fablica hay 170 periodistas tal como el ministro enunci\u00f3. Somos 136, una cifra que no dista de la de los canales privados.<\/li>\n<li><strong>Es mentira<\/strong>\u00a0que existan \u201cparitarias libres\u201d. La \u201coferta\u201d de 0% para una paritaria que venci\u00f3 el 30 de septiembre de 2017 es ilegal y viola la naturaleza de la propia negociaci\u00f3n.<\/li>\n<li><strong>Es mentira\u00a0<\/strong>que impidamos la visibilizaci\u00f3n de hechos period\u00edsticos en nuestra pantalla. El discurso de Hern\u00e1n Lombardi se cae con s\u00f3lo mirar el noticiero todos los d\u00edas. La calidad period\u00edstica la da la presencia profesional en el lugar del hecho y no una imagen sacada de youtube. N\u00e9stor Sclauzcero, gerente de noticias de la TV P\u00fablica y presidente de FOPEA, es el responsable de practicar un periodismo porte\u00f1o en donde no se cruza la General Paz ni el Riachuelo. La TV P\u00fablica fue el \u00fanico canal de aire censurado de la \u00faltima conferencia de prensa presidencial y por primera vez en la historia no estaremos en el viaje de los familiares de Malvinas el pr\u00f3ximo 26 de marzo. El federalismo se practica teniendo presencia propia en donde se produce la noticia, tal como tienen todos los canales de televisi\u00f3n.<\/li>\n<li>No nos sorprende el ataque del ministro a quienes los trabajadores de la TV P\u00fablica elegimos como nuestros representantes gremiales: esta gesti\u00f3n acaba de despedir de manera ilegal a Alejandro Britos, Secretario Gremial de APSF, periodista de Radio Nacional Santa F\u00e9, y correr de algunas de sus funciones a Mariana Fossatti y Fernando Pedernera, delegados de Radio Nacional Buenos Aires, en lo que adem\u00e1s de un ataque profesional significa un ataque en sus condiciones laborales y salariales.<\/li>\n<\/ol>\n<p>Por \u00faltimo, <strong>solicitamos a las producciones de los programas Involucrados (Am\u00e9rica TV), el noticiero conducido por Mauro Viale en A24, Ahora es Cuando de FM Blue y a las autoridades de Telam que plantean de la boca para afuera pluralidad pero que utilizan la agencia p\u00fablica como aparato de propaganda propio, <u>el leg\u00edtimo derecho a r\u00e9plica<\/u><\/strong><u> frente a las difamaciones de Lombard<\/u>i, en el marco de la misma discusi\u00f3n democr\u00e1tica que el ministro pregona, para que se puedan escuchar todas las voces.<\/p>\n<p><u><strong>TRABAJADORES DE LA TV P\u00daBLICA- SIPREBA<\/strong><\/u><\/p>\n<p><strong>Agust\u00edn Lecchi: 15 6007-6927<\/strong><\/td>\n<\/tr>\n<\/tbody>\n<\/table>\n<\/td>\n<\/tr>\n<\/tbody>\n<\/table>\n<table width=\"100%\">\n<tbody>\n<tr>\n<td>\n<table width=\"100%\">\n<tbody>\n<tr>\n<td><\/td>\n<\/tr>\n<\/tbody>\n<\/table>\n<\/td>\n<\/tr>\n<\/tbody>\n<\/table>\n<\/td>\n<\/tr>\n<tr>\n<td><\/td>\n<\/tr>\n<tr>\n<td>\n<table width=\"100%\">\n<tbody>\n<tr>\n<td>\n<table width=\"100%\">\n<tbody>\n<tr>\n<td>\n<table width=\"100%\">\n<tbody>\n<tr>\n<td>\n<table>\n<tbody>\n<tr>\n<td>\n<table>\n<tbody>\n<tr>\n<td>\n<table width=\"100%\">\n<tbody>\n<tr>\n<td>\n<table width=\"\">\n<tbody>\n<tr>\n<td width=\"24\"><\/td>\n<\/tr>\n<\/tbody>\n<\/table>\n<\/td>\n<\/tr>\n<\/tbody>\n<\/table>\n<\/td>\n<\/tr>\n<\/tbody>\n<\/table>\n<table>\n<tbody>\n<tr>\n<td>\n<table width=\"100%\">\n<tbody>\n<tr>\n<td>\n<table width=\"\">\n<tbody>\n<tr>\n<td width=\"24\"><\/td>\n<\/tr>\n<\/tbody>\n<\/table>\n<\/td>\n<\/tr>\n<\/tbody>\n<\/table>\n<\/td>\n<\/tr>\n<\/tbody>\n<\/table>\n<table>\n<tbody>\n<tr>\n<td>\n<table width=\"100%\">\n<tbody>\n<tr>\n<td>\n<table width=\"\">\n<tbody>\n<tr>\n<td width=\"24\"><\/td>\n<\/tr>\n<\/tbody>\n<\/table>\n<\/td>\n<\/tr>\n<\/tbody>\n<\/table>\n<\/td>\n<\/tr>\n<\/tbody>\n<\/table>\n<\/td>\n<\/tr>\n<\/tbody>\n<\/table>\n<\/td>\n<\/tr>\n<\/tbody>\n<\/table>\n<\/td>\n<\/tr>\n<\/tbody>\n<\/table>\n<\/td>\n<\/tr>\n<\/tbody>\n<\/table>\n<table width=\"100%\">\n<tbody>\n<tr>\n<td><\/td>\n<\/tr>\n<\/tbody>\n<\/table>\n<\/td>\n<\/tr>\n<\/tbody>\n<\/table>\n","protected":false},"excerpt":{"rendered":"<p>LOMBARDI MIENTE: EN LA TV P\u00daBLICA NO HAY DIAL\u00d3GO, NO HAY FEDERALISMO NI PARITARIAS LIBRES, HAY CENSURA El titular del Sistema Nacional de Medios P\u00fablicos Hern\u00e1n Lombardi una vez m\u00e1s se dedic\u00f3 a recorrer medios de comunicaci\u00f3n para difamar a los trabajadores de la TV P\u00fablica con quienes no dialoga. El colmo de este nuevo&hellip;<\/p>\n","protected":false},"author":1,"featured_media":73108,"comment_status":"open","ping_status":"open","sticky":false,"template":"","format":"standard","meta":{"footnotes":""},"categories":[16],"tags":[5287,28288,20093],"class_list":["post-76135","post","type-post","status-publish","format-standard","has-post-thumbnail","hentry","category-gremiales","tag-hernan-lombardi","tag-sistema-nacional-de-medios","tag-tv-publica"],"_links":{"self":[{"href":"https:\/\/www.elsindical.com.ar\/notas\/wp-json\/wp\/v2\/posts\/76135","targetHints":{"allow":["GET"]}}],"collection":[{"href":"https:\/\/www.elsindical.com.ar\/notas\/wp-json\/wp\/v2\/posts"}],"about":[{"href":"https:\/\/www.elsindical.com.ar\/notas\/wp-json\/wp\/v2\/types\/post"}],"author":[{"embeddable":true,"href":"https:\/\/www.elsindical.com.ar\/notas\/wp-json\/wp\/v2\/users\/1"}],"replies":[{"embeddable":true,"href":"https:\/\/www.elsindical.com.ar\/notas\/wp-json\/wp\/v2\/comments?post=76135"}],"version-history":[{"count":1,"href":"https:\/\/www.elsindical.com.ar\/notas\/wp-json\/wp\/v2\/posts\/76135\/revisions"}],"predecessor-version":[{"id":76136,"href":"https:\/\/www.elsindical.com.ar\/notas\/wp-json\/wp\/v2\/posts\/76135\/revisions\/76136"}],"wp:featuredmedia":[{"embeddable":true,"href":"https:\/\/www.elsindical.com.ar\/notas\/wp-json\/wp\/v2\/media\/73108"}],"wp:attachment":[{"href":"https:\/\/www.elsindical.com.ar\/notas\/wp-json\/wp\/v2\/media?parent=76135"}],"wp:term":[{"taxonomy":"category","embeddable":true,"href":"https:\/\/www.elsindical.com.ar\/notas\/wp-json\/wp\/v2\/categories?post=76135"},{"taxonomy":"post_tag","embeddable":true,"href":"https:\/\/www.elsindical.com.ar\/notas\/wp-json\/wp\/v2\/tags?post=76135"}],"curies":[{"name":"wp","href":"https:\/\/api.w.org\/{rel}","templated":true}]}}