{"id":76116,"date":"2018-02-22T10:54:15","date_gmt":"2018-02-22T13:54:15","guid":{"rendered":"http:\/\/www.elsindical.com.ar\/notas\/?p=76116"},"modified":"2018-02-22T10:54:15","modified_gmt":"2018-02-22T13:54:15","slug":"luego-de-las-escuelas-del-delta-ahora-vidal-va-por-las-rurales","status":"publish","type":"post","link":"https:\/\/www.elsindical.com.ar\/notas\/luego-de-las-escuelas-del-delta-ahora-vidal-va-por-las-rurales\/","title":{"rendered":"Luego de las Escuelas del Delta, ahora Vidal va por las Rurales"},"content":{"rendered":"<p class=\"bajada\"><em>\u00a0 <a href=\"http:\/\/www.elsindical.com.ar\/notas\/var\/www\/html\/notas\/wp-content\/uploads\/2018\/02\/estudiantes-rurales.jpg\"><img loading=\"lazy\" decoding=\"async\" class=\"alignnone size-medium wp-image-76117\" src=\"http:\/\/www.elsindical.com.ar\/notas\/var\/www\/html\/notas\/wp-content\/uploads\/2018\/02\/estudiantes-rurales-300x179.jpg\" alt=\"\" width=\"300\" height=\"179\" srcset=\"https:\/\/www.elsindical.com.ar\/notas\/var\/www\/html\/notas\/wp-content\/uploads\/2018\/02\/estudiantes-rurales-300x179.jpg 300w, https:\/\/www.elsindical.com.ar\/notas\/var\/www\/html\/notas\/wp-content\/uploads\/2018\/02\/estudiantes-rurales-500x298.jpg 500w, https:\/\/www.elsindical.com.ar\/notas\/var\/www\/html\/notas\/wp-content\/uploads\/2018\/02\/estudiantes-rurales.jpg 620w\" sizes=\"auto, (max-width: 300px) 100vw, 300px\" \/><\/a>El Plan de \u201cOptimizaci\u00f3n de recursos\u201d alcanza a los municipios de Tres Arroyos, General Viamonte, Lincoln, Jun\u00edn, Balcarce, Chivilcoy, Pehuaj\u00f3 y Bol\u00edvar, donde cerraran diferentes escuelas rurales.<\/em><\/p>\n<p>En el marco del Plan de \u201cOptimizaci\u00f3n de Recursos\u201d que puso en marcha el gobierno de Mar\u00eda Eugenia Vidal en los jardines de infantes y escuelas p\u00fablicas, el recorte ahora lleg\u00f3 a las escuelas rurales.<\/p>\n<p><strong>Tres Arroyos<\/strong><\/p>\n<p>En el mencionado distrito la medida provincial afecta a tres jardines rurales del paraje \u201cLa Josefina\u201d, \u201cClaudio Molina\u201d y \u201cSan Mayol\u201d; y al Secundario para adultos N\u00ba 451 de la localidad de Claromec\u00f3 que desde este a\u00f1o no permitir\u00e1 el ingreso de alumnos de primer a\u00f1o. Es decir, tras el egreso de los estudiantes que est\u00e1n cursando sus estudios se proceder\u00e1 al cierre.<\/p>\n<p><strong>General Viamonte<\/strong><\/p>\n<p>En este municipio en diciembre del a\u00f1o pasado la Provincia inform\u00f3 por tel\u00e9fono a los directivos de la escuela rural Primaria del Cuartel II \u201cLa Tribu de Coliqueo\u201d, la Primaria n\u00b0 1 y la Secundaria n\u00b0 2 sobre la medida de fusi\u00f3n de cursos por la \u201cbaja matr\u00edcula\u201d.<\/p>\n<p><strong>Lincoln<\/strong><\/p>\n<p>En el distrito dejar\u00e1n de funcionar por \u201cfalta de matr\u00edcula\u201d tres escuelas rurales: la Primaria N\u00ba 13 de \u2018La Pergaminera\u2019, la Primaria N\u00ba 55 \u201cLeopoldo Lugones\u201d de Cuartel II y la Primaria N\u00ba 41 \u201cTom\u00e1s Espora\u201d ubicada en la localidad de Roberts. En tanto, en otras cinco escuelas rurales hay al menos 8 docentes titulares cesanteados por la fusi\u00f3n de cursos.<\/p>\n<p><strong>Jun\u00edn<\/strong><\/p>\n<p>Si bien la medida a\u00fan no se ha oficializado, entre las escuelas que cerrar\u00edan se encuentran la Primaria n\u00b0 43 de la localidad de Laplacette y la Primaria n\u00b0 32 que hasta el a\u00f1o pasado \u201cten\u00edan matr\u00edcula\u201d. Sin embargo, seg\u00fan la Resoluci\u00f3n 3367\/05 de la Direcci\u00f3n de Cultura y Educaci\u00f3n -que regula, entre otras cosas, las fusiones de cursos- no se determina un n\u00famero m\u00ednimo de alumnos para las Escuelas Rurales porque son matr\u00edculas fluctuantes.<\/p>\n<p><strong>Balcarce<\/strong><\/p>\n<p>En la zona serrana, la escuela rural n\u00b0 23 \u00abJos\u00e9 Mar\u00eda Aristondo\u00bb del paraje \u201cEl Verano\u201d cerrara porque \u201cno hay alumnos\u201d. Desde la FEB del distrito confirmaron el cierre y la falta de matr\u00edcula que tambi\u00e9n afecta a la escuela n\u00b0 35, del paraje \u201cSan Silverio\u201d.<\/p>\n<p><strong>Chivilcoy<\/strong><\/p>\n<p>Aqu\u00ed cerrar\u00e1n dos escuelas rurales por falta de matr\u00edcula: la Primaria n\u00b0 26 de la localidad de Indacochea y Primaria n\u00b0 16 en cercan\u00edas de la Rica, que cuenta con un solo alumno.<\/p>\n<p><strong>Pehuaj\u00f3<\/strong><\/p>\n<p>Desde el distrito de Javier Zurro, el gremio FEB confirm\u00f3 que en la Escuela n\u00b0 11 de localidad de Guanaco \u201cse est\u00e1 resolviendo el agrupamiento de cursos porque no da la matr\u00edcula\u201d y en la Escuela T\u00e9cnica (la \u00fanica del distrito) \u201cuna modalidad de 1er a\u00f1o de ciclo superior no se abrir\u00eda\u201d.<\/p>\n<p><strong>Bol\u00edvar<\/strong><\/p>\n<p>Mientras que en Bol\u00edvar, en el paraje \u201cLa Vizca\u00edna\u201d los gremios locales fueron a la Justicia por el agrupamiento de materias. All\u00ed funciona la escuela Secundaria n\u00b0 7, la Primaria n\u00b0 14 y un jard\u00edn donde a partir de este a\u00f1o se agrupar\u00e1n las clases en cinco materias para \u201coptimizar\u201d los m\u00f3dulos docentes. (<strong>InfoGEI<\/strong>) Mg<\/p>\n","protected":false},"excerpt":{"rendered":"<p>\u00a0 El Plan de \u201cOptimizaci\u00f3n de recursos\u201d alcanza a los municipios de Tres Arroyos, General Viamonte, Lincoln, Jun\u00edn, Balcarce, Chivilcoy, Pehuaj\u00f3 y Bol\u00edvar, donde cerraran diferentes escuelas rurales. En el marco del Plan de \u201cOptimizaci\u00f3n de Recursos\u201d que puso en marcha el gobierno de Mar\u00eda Eugenia Vidal en los jardines de infantes y escuelas p\u00fablicas,&hellip;<\/p>\n","protected":false},"author":1,"featured_media":76117,"comment_status":"open","ping_status":"open","sticky":false,"template":"","format":"standard","meta":{"footnotes":""},"categories":[13],"tags":[10313,8795,13926,28283,27098,7748,9148,7265,25826,4495],"class_list":["post-76116","post","type-post","status-publish","format-standard","has-post-thumbnail","hentry","category-politica","tag-balcarce","tag-bolivar","tag-chivilcoy","tag-escuelas-rurales","tag-general-viamonte","tag-junin","tag-lincoln","tag-maria-eugenia-vidal","tag-pehuajo","tag-tres-arroyos"],"_links":{"self":[{"href":"https:\/\/www.elsindical.com.ar\/notas\/wp-json\/wp\/v2\/posts\/76116","targetHints":{"allow":["GET"]}}],"collection":[{"href":"https:\/\/www.elsindical.com.ar\/notas\/wp-json\/wp\/v2\/posts"}],"about":[{"href":"https:\/\/www.elsindical.com.ar\/notas\/wp-json\/wp\/v2\/types\/post"}],"author":[{"embeddable":true,"href":"https:\/\/www.elsindical.com.ar\/notas\/wp-json\/wp\/v2\/users\/1"}],"replies":[{"embeddable":true,"href":"https:\/\/www.elsindical.com.ar\/notas\/wp-json\/wp\/v2\/comments?post=76116"}],"version-history":[{"count":1,"href":"https:\/\/www.elsindical.com.ar\/notas\/wp-json\/wp\/v2\/posts\/76116\/revisions"}],"predecessor-version":[{"id":76118,"href":"https:\/\/www.elsindical.com.ar\/notas\/wp-json\/wp\/v2\/posts\/76116\/revisions\/76118"}],"wp:featuredmedia":[{"embeddable":true,"href":"https:\/\/www.elsindical.com.ar\/notas\/wp-json\/wp\/v2\/media\/76117"}],"wp:attachment":[{"href":"https:\/\/www.elsindical.com.ar\/notas\/wp-json\/wp\/v2\/media?parent=76116"}],"wp:term":[{"taxonomy":"category","embeddable":true,"href":"https:\/\/www.elsindical.com.ar\/notas\/wp-json\/wp\/v2\/categories?post=76116"},{"taxonomy":"post_tag","embeddable":true,"href":"https:\/\/www.elsindical.com.ar\/notas\/wp-json\/wp\/v2\/tags?post=76116"}],"curies":[{"name":"wp","href":"https:\/\/api.w.org\/{rel}","templated":true}]}}