{"id":76110,"date":"2018-02-22T01:20:44","date_gmt":"2018-02-22T04:20:44","guid":{"rendered":"http:\/\/www.elsindical.com.ar\/notas\/?p=76110"},"modified":"2018-02-22T01:20:44","modified_gmt":"2018-02-22T04:20:44","slug":"los-seis-puntos-del-reclamo-contra-el-gobierno","status":"publish","type":"post","link":"https:\/\/www.elsindical.com.ar\/notas\/los-seis-puntos-del-reclamo-contra-el-gobierno\/","title":{"rendered":"Los seis puntos del reclamo contra el Gobierno"},"content":{"rendered":"<p><a href=\"http:\/\/www.elsindical.com.ar\/notas\/var\/www\/html\/notas\/wp-content\/uploads\/2018\/02\/21F-marcha.jpg\"><img loading=\"lazy\" decoding=\"async\" class=\"alignnone size-medium wp-image-76111\" src=\"http:\/\/www.elsindical.com.ar\/notas\/var\/www\/html\/notas\/wp-content\/uploads\/2018\/02\/21F-marcha-300x162.jpg\" alt=\"\" width=\"300\" height=\"162\" srcset=\"https:\/\/www.elsindical.com.ar\/notas\/var\/www\/html\/notas\/wp-content\/uploads\/2018\/02\/21F-marcha-300x162.jpg 300w, https:\/\/www.elsindical.com.ar\/notas\/var\/www\/html\/notas\/wp-content\/uploads\/2018\/02\/21F-marcha-768x415.jpg 768w, https:\/\/www.elsindical.com.ar\/notas\/var\/www\/html\/notas\/wp-content\/uploads\/2018\/02\/21F-marcha-500x271.jpg 500w, https:\/\/www.elsindical.com.ar\/notas\/var\/www\/html\/notas\/wp-content\/uploads\/2018\/02\/21F-marcha.jpg 1000w\" sizes=\"auto, (max-width: 300px) 100vw, 300px\" \/><\/a>El triunviro de la CGT y l\u00edder del gremio de Dragado y Balizamiento, Juan Carlos Schmid, fue el encargado de dar inicio al acto que el camionero Hugo Moyano encabez\u00f3 sobre la 9 de Julio, a la que aseguran los sindicatos y las organizaciones sociales asistieron m\u00e1s de 400 mil personas.<\/p>\n<div class=\"cuerponota mb50\">\n<p>Schmid ley\u00f3 un documento con los seis puntos centrales del reclamo opositor contra el Gobierno:<\/p>\n<p>\u2022 Repudio a la baja de las jubilaciones<\/p>\n<p>\u2022 Paritarias libres y sin tope<\/p>\n<p>\u2022 Rechazo a la reforma laboral<\/p>\n<p>\u2022 Rechazo al mega DNU \u00aben especial lo que se refiere a los temas laborales\u00bb<\/p>\n<p>\u2022 Apoyar a las organizaciones sociales en conflicto<\/p>\n<p>\u2022 \u00abLes pedimos a los legisladores que no apoyen leyes que cercenan los derechos de los trabajadores y de los sectores m\u00e1s postergados\u00bb<\/p>\n<\/div>\n","protected":false},"excerpt":{"rendered":"<p>El triunviro de la CGT y l\u00edder del gremio de Dragado y Balizamiento, Juan Carlos Schmid, fue el encargado de dar inicio al acto que el camionero Hugo Moyano encabez\u00f3 sobre la 9 de Julio, a la que aseguran los sindicatos y las organizaciones sociales asistieron m\u00e1s de 400 mil personas. Schmid ley\u00f3 un documento&hellip;<\/p>\n","protected":false},"author":1,"featured_media":76111,"comment_status":"open","ping_status":"open","sticky":false,"template":"","format":"standard","meta":{"footnotes":""},"categories":[16],"tags":[28279,910,375,156,514],"class_list":["post-76110","post","type-post","status-publish","format-standard","has-post-thumbnail","hentry","category-gremiales","tag-21f","tag-cgt","tag-gobierno","tag-marcha","tag-reclamos"],"_links":{"self":[{"href":"https:\/\/www.elsindical.com.ar\/notas\/wp-json\/wp\/v2\/posts\/76110","targetHints":{"allow":["GET"]}}],"collection":[{"href":"https:\/\/www.elsindical.com.ar\/notas\/wp-json\/wp\/v2\/posts"}],"about":[{"href":"https:\/\/www.elsindical.com.ar\/notas\/wp-json\/wp\/v2\/types\/post"}],"author":[{"embeddable":true,"href":"https:\/\/www.elsindical.com.ar\/notas\/wp-json\/wp\/v2\/users\/1"}],"replies":[{"embeddable":true,"href":"https:\/\/www.elsindical.com.ar\/notas\/wp-json\/wp\/v2\/comments?post=76110"}],"version-history":[{"count":1,"href":"https:\/\/www.elsindical.com.ar\/notas\/wp-json\/wp\/v2\/posts\/76110\/revisions"}],"predecessor-version":[{"id":76112,"href":"https:\/\/www.elsindical.com.ar\/notas\/wp-json\/wp\/v2\/posts\/76110\/revisions\/76112"}],"wp:featuredmedia":[{"embeddable":true,"href":"https:\/\/www.elsindical.com.ar\/notas\/wp-json\/wp\/v2\/media\/76111"}],"wp:attachment":[{"href":"https:\/\/www.elsindical.com.ar\/notas\/wp-json\/wp\/v2\/media?parent=76110"}],"wp:term":[{"taxonomy":"category","embeddable":true,"href":"https:\/\/www.elsindical.com.ar\/notas\/wp-json\/wp\/v2\/categories?post=76110"},{"taxonomy":"post_tag","embeddable":true,"href":"https:\/\/www.elsindical.com.ar\/notas\/wp-json\/wp\/v2\/tags?post=76110"}],"curies":[{"name":"wp","href":"https:\/\/api.w.org\/{rel}","templated":true}]}}