{"id":76096,"date":"2018-02-21T18:28:42","date_gmt":"2018-02-21T21:28:42","guid":{"rendered":"http:\/\/www.elsindical.com.ar\/notas\/?p=76096"},"modified":"2018-02-21T18:28:42","modified_gmt":"2018-02-21T21:28:42","slug":"21f-masiva-marcha-opositora-a-las-politicas-del-gobierno-fue-contundente","status":"publish","type":"post","link":"https:\/\/www.elsindical.com.ar\/notas\/21f-masiva-marcha-opositora-a-las-politicas-del-gobierno-fue-contundente\/","title":{"rendered":"21F Masiva marcha opositora a las pol\u00edticas del gobierno fue contundente"},"content":{"rendered":"<p><em><span class=\"text description col-xs-8 col-lg-9\">\u00a0 <a href=\"http:\/\/www.elsindical.com.ar\/notas\/var\/www\/html\/notas\/wp-content\/uploads\/2018\/02\/382541.jpg\"><img loading=\"lazy\" decoding=\"async\" class=\"alignnone size-medium wp-image-76097\" src=\"http:\/\/www.elsindical.com.ar\/notas\/var\/www\/html\/notas\/wp-content\/uploads\/2018\/02\/382541-300x203.jpg\" alt=\"\" width=\"300\" height=\"203\" srcset=\"https:\/\/www.elsindical.com.ar\/notas\/var\/www\/html\/notas\/wp-content\/uploads\/2018\/02\/382541-300x203.jpg 300w, https:\/\/www.elsindical.com.ar\/notas\/var\/www\/html\/notas\/wp-content\/uploads\/2018\/02\/382541-768x519.jpg 768w, https:\/\/www.elsindical.com.ar\/notas\/var\/www\/html\/notas\/wp-content\/uploads\/2018\/02\/382541-444x300.jpg 444w, https:\/\/www.elsindical.com.ar\/notas\/var\/www\/html\/notas\/wp-content\/uploads\/2018\/02\/382541.jpg 1000w\" sizes=\"auto, (max-width: 300px) 100vw, 300px\" \/><\/a>La movilizaci\u00f3n del #21F convocada por el l\u00edder camionero Hugo Moyano en la avenida 9 de Julio convoc\u00f3 a miles de personas. Hubo caos de tr\u00e1nsito en el centro porte\u00f1o antes del acto y luego con la desconcentraci\u00f3n.<\/span><\/em><\/p>\n<p>La masiva movilizaci\u00f3n del 21F convocada por el l\u00edder del gremio de los camioneros, Hugo Moyano, fue la nota saliente de este mi\u00e9rcoles 21 de febrero. Hubo miles de manifestantes que ocuparon la avenida 9 de Julio en su intersecci\u00f3n con la avenida Belgrano, en pleno centro porte\u00f1o, algo que gener\u00f3 caos vehicular antes, durante y despu\u00e9s del acto principal.<\/p>\n<p><span class=\"text description col-xs-8 col-lg-9\">El secretario general del gremio de Camioneros, Hugo Moyano, rechaz\u00f3 esta que la movilizaci\u00f3n contra el gobierno sea para esquivar las causas judiciales en su contra y afirm\u00f3 que tiene \u00ablas suficientes pelotas\u00bb para defenderse solo.<\/span><\/p>\n<p>El secretario general del gremio de Camioneros, Hugo Moyano, rechaz\u00f3 esta que la movilizaci\u00f3n contra el gobierno sea para esquivar las causas judiciales en su contra y afirm\u00f3 que tiene \u00ablas suficientes pelotas\u00bb para defenderse solo.<\/p>\n<p>\u00abSi tuviera un problema, tengo las suficientes pelotas para defenderme yo mismo\u00bb, recalc\u00f3 Moyano y asegur\u00f3 que no est\u00e1 \u00abimplicado en ning\u00fan tema de corrupci\u00f3n\u00bb.<\/p>\n<p>El secretario general del gremio de Camioneros resalt\u00f3 esta tarde que la movilizaci\u00f3n contra el gobierno es \u00abpac\u00edfica\u00bb y no busca \u00abamenazar\u00bb, al tiempo que sostuvo que los trabajadores no son \u00abdesestabilizadores\u00bb.<\/p>\n","protected":false},"excerpt":{"rendered":"<p>\u00a0 La movilizaci\u00f3n del #21F convocada por el l\u00edder camionero Hugo Moyano en la avenida 9 de Julio convoc\u00f3 a miles de personas. Hubo caos de tr\u00e1nsito en el centro porte\u00f1o antes del acto y luego con la desconcentraci\u00f3n. La masiva movilizaci\u00f3n del 21F convocada por el l\u00edder del gremio de los camioneros, Hugo Moyano,&hellip;<\/p>\n","protected":false},"author":1,"featured_media":76097,"comment_status":"open","ping_status":"open","sticky":false,"template":"","format":"standard","meta":{"footnotes":""},"categories":[25],"tags":[28279,375,77,28280],"class_list":["post-76096","post","type-post","status-publish","format-standard","has-post-thumbnail","hentry","category-sociedad","tag-21f","tag-gobierno","tag-hugo-moyano","tag-marcha-opositora"],"_links":{"self":[{"href":"https:\/\/www.elsindical.com.ar\/notas\/wp-json\/wp\/v2\/posts\/76096","targetHints":{"allow":["GET"]}}],"collection":[{"href":"https:\/\/www.elsindical.com.ar\/notas\/wp-json\/wp\/v2\/posts"}],"about":[{"href":"https:\/\/www.elsindical.com.ar\/notas\/wp-json\/wp\/v2\/types\/post"}],"author":[{"embeddable":true,"href":"https:\/\/www.elsindical.com.ar\/notas\/wp-json\/wp\/v2\/users\/1"}],"replies":[{"embeddable":true,"href":"https:\/\/www.elsindical.com.ar\/notas\/wp-json\/wp\/v2\/comments?post=76096"}],"version-history":[{"count":1,"href":"https:\/\/www.elsindical.com.ar\/notas\/wp-json\/wp\/v2\/posts\/76096\/revisions"}],"predecessor-version":[{"id":76101,"href":"https:\/\/www.elsindical.com.ar\/notas\/wp-json\/wp\/v2\/posts\/76096\/revisions\/76101"}],"wp:featuredmedia":[{"embeddable":true,"href":"https:\/\/www.elsindical.com.ar\/notas\/wp-json\/wp\/v2\/media\/76097"}],"wp:attachment":[{"href":"https:\/\/www.elsindical.com.ar\/notas\/wp-json\/wp\/v2\/media?parent=76096"}],"wp:term":[{"taxonomy":"category","embeddable":true,"href":"https:\/\/www.elsindical.com.ar\/notas\/wp-json\/wp\/v2\/categories?post=76096"},{"taxonomy":"post_tag","embeddable":true,"href":"https:\/\/www.elsindical.com.ar\/notas\/wp-json\/wp\/v2\/tags?post=76096"}],"curies":[{"name":"wp","href":"https:\/\/api.w.org\/{rel}","templated":true}]}}