{"id":76092,"date":"2018-02-21T12:03:05","date_gmt":"2018-02-21T15:03:05","guid":{"rendered":"http:\/\/www.elsindical.com.ar\/notas\/?p=76092"},"modified":"2018-02-21T12:03:05","modified_gmt":"2018-02-21T15:03:05","slug":"lomas-de-zamora-reuniones-en-la-nueva-direccion-de-asistencia-a-la-victima","status":"publish","type":"post","link":"https:\/\/www.elsindical.com.ar\/notas\/lomas-de-zamora-reuniones-en-la-nueva-direccion-de-asistencia-a-la-victima\/","title":{"rendered":"Lomas de Zamora: Reuniones en la nueva Direcci\u00f3n de Asistencia a la V\u00edctima"},"content":{"rendered":"<p><em><a href=\"http:\/\/www.elsindical.com.ar\/notas\/var\/www\/html\/notas\/wp-content\/uploads\/2018\/02\/Asistencia-a-la-v\u00edctima-Lomas.jpg\"><img loading=\"lazy\" decoding=\"async\" class=\"alignnone size-medium wp-image-76093\" src=\"http:\/\/www.elsindical.com.ar\/notas\/var\/www\/html\/notas\/wp-content\/uploads\/2018\/02\/Asistencia-a-la-v\u00edctima-Lomas-300x181.jpg\" alt=\"\" width=\"300\" height=\"181\" srcset=\"https:\/\/www.elsindical.com.ar\/notas\/var\/www\/html\/notas\/wp-content\/uploads\/2018\/02\/Asistencia-a-la-v\u00edctima-Lomas-300x181.jpg 300w, https:\/\/www.elsindical.com.ar\/notas\/var\/www\/html\/notas\/wp-content\/uploads\/2018\/02\/Asistencia-a-la-v\u00edctima-Lomas-496x300.jpg 496w, https:\/\/www.elsindical.com.ar\/notas\/var\/www\/html\/notas\/wp-content\/uploads\/2018\/02\/Asistencia-a-la-v\u00edctima-Lomas.jpg 620w\" sizes=\"auto, (max-width: 300px) 100vw, 300px\" \/><\/a>Es por eso que allegados a Anah\u00ed Benitez, Mat\u00edas Gonz\u00e1lez y Pablo Gallo se reunieron con miembros de la Direcci\u00f3n de Asistencia a la Victima de Lomas de Zamora, mientras que para hoy se espera un encuentro con el fiscal Scalera. \u201cLa idea es que nos asesoren para acelerar las cosas\u201d.<\/em><\/p>\n<p>La flamante Direcci\u00f3n de Asistencia a la V\u00edctima de Lomas de Zamora recibi\u00f3 el lunes a un grupo de familiares que piden avances en las causas judiciales por diferentes delitos que llevaron a la muerte de sus seres queridos.<\/p>\n<p>Durante el encuentro, del que participaron familiares de Anahi Ben\u00edtez, Mat\u00edas Gonz\u00e1lez y Pablo Gallo, las autoridades se comprometieron a brindar asesoramiento gratuito para lograr avances en los casos.<\/p>\n<p>Adem\u00e1s, en los pr\u00f3ximos d\u00edas se esperan otras convocatorias con el resto del grupo que componen los familiares de v\u00edctimas, denominado \u201cUnidos queremos Justicia\u201d.<\/p>\n<p>Hoy, de hecho, desde las 10:00 habr\u00e1 un encuentro con el Fiscal General, Sebasti\u00e1n Scalera.<\/p>\n<p>Silvia P\u00e9rez, madre de Anah\u00ed Ben\u00edtez, es la \u00fanica presencia confirmada hasta el momento, aunque desde el organismo dependiente de la Secretar\u00eda de Seguridad lomense no descartan la presencia de otras familias que confirmen su asistencia a \u00faltimo momento.<\/p>\n<p>\u201cLa idea es que nos acompa\u00f1en en el asesoramiento para acelerar las causas, que est\u00e1n muy demoradas\u201d, cont\u00f3 P\u00e9rez, al igual que Sandra Segui, madre de Mat\u00edas Gonz\u00e1lez, joven asesinado en Budge 2017, quien expres\u00f3 la necesidad de que haya novedades.<\/p>\n<p>\u201cSigue todo igual y por eso pedimos una entrevista con Scalera, porque el caso no avanza y no nos recibe nadie para informarnos por qu\u00e9 est\u00e1 todo parado\u201d, manifest\u00f3.<\/p>\n<p>Por su parte, Mar\u00eda Vega, mam\u00e1 de Pablo Gallo, fallecido tras ser atropellado en 2012 cuando circulaba en bicicleta por Rafael Calzada, asegur\u00f3 que seguir\u00e1 reclamando justicia pese a que el acusado por el crimen de su hijo fue liberado.<\/p>\n<p>\u201cNo voy a bajar los brazos aunque me digan que no se puede hacer nada, porque mientras tanto hay un asesino libre en Rafael Calzada\u201d, afirm\u00f3.<\/p>\n<p>La Direcci\u00f3n de Asistencia a la Victima en Lomas de Zamora es el segundo organismo que funciona en la regi\u00f3n como mediador entre los familiares de v\u00edctimas y la Justicia, luego de que se fundara un ente similar hace un a\u00f1o en el municipio de Lan\u00fas.<\/p>\n<p><a href=\"http:\/\/www.elsindical.com.ar\/notas\/var\/www\/html\/notas\/wp-content\/uploads\/2018\/02\/familiares-de-v\u00edctimas-Lomas.jpg\"><img loading=\"lazy\" decoding=\"async\" class=\"alignnone size-medium wp-image-76094\" src=\"http:\/\/www.elsindical.com.ar\/notas\/var\/www\/html\/notas\/wp-content\/uploads\/2018\/02\/familiares-de-v\u00edctimas-Lomas-300x188.jpg\" alt=\"\" width=\"300\" height=\"188\" srcset=\"https:\/\/www.elsindical.com.ar\/notas\/var\/www\/html\/notas\/wp-content\/uploads\/2018\/02\/familiares-de-v\u00edctimas-Lomas-300x188.jpg 300w, https:\/\/www.elsindical.com.ar\/notas\/var\/www\/html\/notas\/wp-content\/uploads\/2018\/02\/familiares-de-v\u00edctimas-Lomas-480x300.jpg 480w, https:\/\/www.elsindical.com.ar\/notas\/var\/www\/html\/notas\/wp-content\/uploads\/2018\/02\/familiares-de-v\u00edctimas-Lomas.jpg 640w\" sizes=\"auto, (max-width: 300px) 100vw, 300px\" \/><\/a><\/p>\n","protected":false},"excerpt":{"rendered":"<p>Es por eso que allegados a Anah\u00ed Benitez, Mat\u00edas Gonz\u00e1lez y Pablo Gallo se reunieron con miembros de la Direcci\u00f3n de Asistencia a la Victima de Lomas de Zamora, mientras que para hoy se espera un encuentro con el fiscal Scalera. \u201cLa idea es que nos asesoren para acelerar las cosas\u201d. La flamante Direcci\u00f3n de&hellip;<\/p>\n","protected":false},"author":1,"featured_media":76093,"comment_status":"open","ping_status":"open","sticky":false,"template":"","format":"standard","meta":{"footnotes":""},"categories":[25],"tags":[28277,27192,744,28278],"class_list":["post-76092","post","type-post","status-publish","format-standard","has-post-thumbnail","hentry","category-sociedad","tag-direccion-de-asistencia-a-la-victima","tag-familiares-de-victimas","tag-lomas-de-zamora","tag-maria-carla-policicchio"],"_links":{"self":[{"href":"https:\/\/www.elsindical.com.ar\/notas\/wp-json\/wp\/v2\/posts\/76092","targetHints":{"allow":["GET"]}}],"collection":[{"href":"https:\/\/www.elsindical.com.ar\/notas\/wp-json\/wp\/v2\/posts"}],"about":[{"href":"https:\/\/www.elsindical.com.ar\/notas\/wp-json\/wp\/v2\/types\/post"}],"author":[{"embeddable":true,"href":"https:\/\/www.elsindical.com.ar\/notas\/wp-json\/wp\/v2\/users\/1"}],"replies":[{"embeddable":true,"href":"https:\/\/www.elsindical.com.ar\/notas\/wp-json\/wp\/v2\/comments?post=76092"}],"version-history":[{"count":1,"href":"https:\/\/www.elsindical.com.ar\/notas\/wp-json\/wp\/v2\/posts\/76092\/revisions"}],"predecessor-version":[{"id":76095,"href":"https:\/\/www.elsindical.com.ar\/notas\/wp-json\/wp\/v2\/posts\/76092\/revisions\/76095"}],"wp:featuredmedia":[{"embeddable":true,"href":"https:\/\/www.elsindical.com.ar\/notas\/wp-json\/wp\/v2\/media\/76093"}],"wp:attachment":[{"href":"https:\/\/www.elsindical.com.ar\/notas\/wp-json\/wp\/v2\/media?parent=76092"}],"wp:term":[{"taxonomy":"category","embeddable":true,"href":"https:\/\/www.elsindical.com.ar\/notas\/wp-json\/wp\/v2\/categories?post=76092"},{"taxonomy":"post_tag","embeddable":true,"href":"https:\/\/www.elsindical.com.ar\/notas\/wp-json\/wp\/v2\/tags?post=76092"}],"curies":[{"name":"wp","href":"https:\/\/api.w.org\/{rel}","templated":true}]}}