{"id":76062,"date":"2018-02-19T21:32:15","date_gmt":"2018-02-20T00:32:15","guid":{"rendered":"http:\/\/www.elsindical.com.ar\/notas\/?p=76062"},"modified":"2018-02-19T21:32:15","modified_gmt":"2018-02-20T00:32:15","slug":"diaz-gilligan-denunciado-por-la-cuenta-de-andorra-lo-acusan-de-lavado-y-omision-maliciosa-presento-su-renuncia","status":"publish","type":"post","link":"https:\/\/www.elsindical.com.ar\/notas\/diaz-gilligan-denunciado-por-la-cuenta-de-andorra-lo-acusan-de-lavado-y-omision-maliciosa-presento-su-renuncia\/","title":{"rendered":"D\u00edaz Gilligan, denunciado por la cuenta de Andorra: lo acusan de lavado y omisi\u00f3n maliciosa, present\u00f3 su renuncia"},"content":{"rendered":"<p><em><span class=\"text description col-xs-8 col-lg-9\">\u00a0 <a href=\"http:\/\/www.elsindical.com.ar\/notas\/var\/www\/html\/notas\/wp-content\/uploads\/2018\/02\/D\u00edaz-Gilligan.jpg\"><img loading=\"lazy\" decoding=\"async\" class=\"alignnone size-medium wp-image-76063\" src=\"http:\/\/www.elsindical.com.ar\/notas\/var\/www\/html\/notas\/wp-content\/uploads\/2018\/02\/D\u00edaz-Gilligan-300x175.jpg\" alt=\"\" width=\"300\" height=\"175\" srcset=\"https:\/\/www.elsindical.com.ar\/notas\/var\/www\/html\/notas\/wp-content\/uploads\/2018\/02\/D\u00edaz-Gilligan-300x175.jpg 300w, https:\/\/www.elsindical.com.ar\/notas\/var\/www\/html\/notas\/wp-content\/uploads\/2018\/02\/D\u00edaz-Gilligan-768x447.jpg 768w, https:\/\/www.elsindical.com.ar\/notas\/var\/www\/html\/notas\/wp-content\/uploads\/2018\/02\/D\u00edaz-Gilligan-500x291.jpg 500w, https:\/\/www.elsindical.com.ar\/notas\/var\/www\/html\/notas\/wp-content\/uploads\/2018\/02\/D\u00edaz-Gilligan.jpg 1000w\" sizes=\"auto, (max-width: 300px) 100vw, 300px\" \/><\/a>La investigaci\u00f3n por la cuenta en Andorra del subsecretario general de la Presidencia gener\u00f3 una controversia. La causa qued\u00f3 en manos de Claudio Bonadio. <\/span><\/em><\/p>\n<p>Valent\u00edn D\u00edaz Gilligan, subsecretario general de Presidencia, fue denunciado este lunes penalmente por no declarar la cuenta bancaria de USD 1.200.000 que ten\u00eda en Andorra.<\/p>\n<p>La denuncia fue presentada por Rodolfo Tailhade (FPV), quien solicit\u00f3 investigar al funcionario por los delitos de lavado de dinero y omisi\u00f3n maliciosa en la presentaci\u00f3n de declaraci\u00f3n jurada de un funcionario p\u00fablico.<\/p>\n<p>\u00abD\u00edaz Gilligan, m\u00ednimamente habr\u00eda omitido declarar 1,2 millones de d\u00f3lares ante los organismos de contralor al momento de ser designado funcionario p\u00fablico y con posterioridad\u00bb, sostuvo Tailhade en la denuncia.<\/p>\n<p>\u00abExisten sobrados motivos que imponen se realice una r\u00e1pida y profunda pesquisa en virtud de los graves hechos de corrupci\u00f3n que ventil\u00f3 el diario espa\u00f1ol El Pa\u00eds\u00bb, detall\u00f3.<\/p>\n<p>El caso qued\u00f3 a cargo del juez federal Claudio Bonadio y de la fiscal Alejandra Mangano.<\/p>\n<p>La semana pasada, el diario El Pa\u00eds de Espa\u00f1a revel\u00f3 que D\u00edaz Gilligan abri\u00f3 en 2012 una cuenta en Andorra a nombre de la sociedad \u00abLine Action\u00bb, una empresa de Gran Breta\u00f1a dedicada a la intermediaci\u00f3n de jugadores, de la que fue representante y accionista.<\/p>\n","protected":false},"excerpt":{"rendered":"<p>\u00a0 La investigaci\u00f3n por la cuenta en Andorra del subsecretario general de la Presidencia gener\u00f3 una controversia. La causa qued\u00f3 en manos de Claudio Bonadio. Valent\u00edn D\u00edaz Gilligan, subsecretario general de Presidencia, fue denunciado este lunes penalmente por no declarar la cuenta bancaria de USD 1.200.000 que ten\u00eda en Andorra. La denuncia fue presentada por&hellip;<\/p>\n","protected":false},"author":1,"featured_media":76063,"comment_status":"open","ping_status":"open","sticky":false,"template":"","format":"standard","meta":{"footnotes":""},"categories":[13],"tags":[175,840,25040,28273],"class_list":["post-76062","post","type-post","status-publish","format-standard","has-post-thumbnail","hentry","category-politica","tag-denuncia","tag-renuncia","tag-rodolfo-tailhade","tag-valentin-diaz-gilligan"],"_links":{"self":[{"href":"https:\/\/www.elsindical.com.ar\/notas\/wp-json\/wp\/v2\/posts\/76062","targetHints":{"allow":["GET"]}}],"collection":[{"href":"https:\/\/www.elsindical.com.ar\/notas\/wp-json\/wp\/v2\/posts"}],"about":[{"href":"https:\/\/www.elsindical.com.ar\/notas\/wp-json\/wp\/v2\/types\/post"}],"author":[{"embeddable":true,"href":"https:\/\/www.elsindical.com.ar\/notas\/wp-json\/wp\/v2\/users\/1"}],"replies":[{"embeddable":true,"href":"https:\/\/www.elsindical.com.ar\/notas\/wp-json\/wp\/v2\/comments?post=76062"}],"version-history":[{"count":1,"href":"https:\/\/www.elsindical.com.ar\/notas\/wp-json\/wp\/v2\/posts\/76062\/revisions"}],"predecessor-version":[{"id":76064,"href":"https:\/\/www.elsindical.com.ar\/notas\/wp-json\/wp\/v2\/posts\/76062\/revisions\/76064"}],"wp:featuredmedia":[{"embeddable":true,"href":"https:\/\/www.elsindical.com.ar\/notas\/wp-json\/wp\/v2\/media\/76063"}],"wp:attachment":[{"href":"https:\/\/www.elsindical.com.ar\/notas\/wp-json\/wp\/v2\/media?parent=76062"}],"wp:term":[{"taxonomy":"category","embeddable":true,"href":"https:\/\/www.elsindical.com.ar\/notas\/wp-json\/wp\/v2\/categories?post=76062"},{"taxonomy":"post_tag","embeddable":true,"href":"https:\/\/www.elsindical.com.ar\/notas\/wp-json\/wp\/v2\/tags?post=76062"}],"curies":[{"name":"wp","href":"https:\/\/api.w.org\/{rel}","templated":true}]}}