{"id":76039,"date":"2018-02-18T15:20:56","date_gmt":"2018-02-18T18:20:56","guid":{"rendered":"http:\/\/www.elsindical.com.ar\/notas\/?p=76039"},"modified":"2018-02-18T15:20:56","modified_gmt":"2018-02-18T18:20:56","slug":"lanus-denuncian-intenciones-de-cerrar-el-cdr-por-politica-de-achique","status":"publish","type":"post","link":"https:\/\/www.elsindical.com.ar\/notas\/lanus-denuncian-intenciones-de-cerrar-el-cdr-por-politica-de-achique\/","title":{"rendered":"Lan\u00fas: Denuncian intenciones de cerrar el CDR por pol\u00edtica de achique"},"content":{"rendered":"<p><em><a href=\"http:\/\/www.elsindical.com.ar\/notas\/var\/www\/html\/notas\/wp-content\/uploads\/2018\/02\/CDR-Lan\u00fas.jpg\"><img loading=\"lazy\" decoding=\"async\" class=\"alignnone size-medium wp-image-76040\" src=\"http:\/\/www.elsindical.com.ar\/notas\/var\/www\/html\/notas\/wp-content\/uploads\/2018\/02\/CDR-Lan\u00fas-300x164.jpg\" alt=\"\" width=\"300\" height=\"164\" srcset=\"https:\/\/www.elsindical.com.ar\/notas\/var\/www\/html\/notas\/wp-content\/uploads\/2018\/02\/CDR-Lan\u00fas-300x164.jpg 300w, https:\/\/www.elsindical.com.ar\/notas\/var\/www\/html\/notas\/wp-content\/uploads\/2018\/02\/CDR-Lan\u00fas-500x273.jpg 500w, https:\/\/www.elsindical.com.ar\/notas\/var\/www\/html\/notas\/wp-content\/uploads\/2018\/02\/CDR-Lan\u00fas.jpg 640w\" sizes=\"auto, (max-width: 300px) 100vw, 300px\" \/><\/a>\u00a0 Aseguran que \u201cla intenci\u00f3n del Municipio\u201d es vender el inmueble ubicado sobre M\u00e1ximo Paz al 100 para lo cual se envi\u00f3 un proyecto al Concejo Deliberante. \u201cNo sabemos qu\u00e9 va a pasar con nosotros y estamos con esa incertidumbre\u201d, indicaron.<\/em><\/p>\n<p>Empleados del Centro de Documentaci\u00f3n R\u00e1pida (CDR) de Lan\u00fas expresaron su preocupaci\u00f3n ante el inminente tratamiento en el Concejo Deliberante de proyectos para avalar la venta de cuatro inmuebles municipales, entre los que se encuentra el de su sede. La sesi\u00f3n se realizar\u00eda el 26 de febrero.<\/p>\n<p>Seg\u00fan afirmaron, \u201cla intenci\u00f3n del Municipio\u201d ser\u00eda vender el edificio ubicado en M\u00e1ximo Paz 144. As\u00ed lo indic\u00f3 Laura Canepa, trabajadora del CDR, que asegur\u00f3 que el cierre de los servicios prestados a la comunidad afectar\u00eda a miles de vecinos.<\/p>\n<p>\u201cLos registros civiles que est\u00e1n en los barrios tienen una atenci\u00f3n limitada, mientras que nuestro edificio est\u00e1 capacitado para atender 250 turnos de DNI y pasaporte por d\u00eda\u201d, cont\u00f3 Canepa.<\/p>\n<p>Alert\u00f3 que de cerrar \u201cse le quitar\u00e1 al ciudadano la posibilidad de ser atendido de forma r\u00e1pida y eficiente\u201d. \u201cLos vecinos volver\u00e1n hacer filas a las cuatro de la madrugada para obtener su DNI\u201d, vaticin\u00f3.<\/p>\n<p>\u00abAjuste\u00bb. El CDR depende del gobierno provincial por lo que consider\u00f3 que \u201cel intento de cierre\u201d est\u00e1 vinculado \u201ccon la pol\u00edtica de ajuste que lleva a cabo la gobernadora Vidal\u201d.<\/p>\n<p>\u201cNo sabemos qu\u00e9 va a pasar con nosotros y estamos con esa incertidumbre porque desde La Plata no nos lleg\u00f3 ninguna notificaci\u00f3n\u201d, lament\u00f3.<\/p>\n<p>Adem\u00e1s, precis\u00f3 que en caso de confirmarse la venta del inmueble y cerrar el CDR, los empleados \u201cen planta permanente\u201d ser\u00e1n trasladados, mientras que los contratados no correr\u00edan la misma suerte. \u201cLos que est\u00e1n precarizados ser\u00e1n despedidos\u201d, estim\u00f3.<\/p>\n","protected":false},"excerpt":{"rendered":"<p>\u00a0 Aseguran que \u201cla intenci\u00f3n del Municipio\u201d es vender el inmueble ubicado sobre M\u00e1ximo Paz al 100 para lo cual se envi\u00f3 un proyecto al Concejo Deliberante. \u201cNo sabemos qu\u00e9 va a pasar con nosotros y estamos con esa incertidumbre\u201d, indicaron. Empleados del Centro de Documentaci\u00f3n R\u00e1pida (CDR) de Lan\u00fas expresaron su preocupaci\u00f3n ante el&hellip;<\/p>\n","protected":false},"author":1,"featured_media":76040,"comment_status":"open","ping_status":"open","sticky":false,"template":"","format":"standard","meta":{"footnotes":""},"categories":[16],"tags":[28263,16587,239,209,125],"class_list":["post-76039","post","type-post","status-publish","format-standard","has-post-thumbnail","hentry","category-gremiales","tag-cdr","tag-hcd","tag-la-plata","tag-lanus","tag-trabajadores"],"_links":{"self":[{"href":"https:\/\/www.elsindical.com.ar\/notas\/wp-json\/wp\/v2\/posts\/76039","targetHints":{"allow":["GET"]}}],"collection":[{"href":"https:\/\/www.elsindical.com.ar\/notas\/wp-json\/wp\/v2\/posts"}],"about":[{"href":"https:\/\/www.elsindical.com.ar\/notas\/wp-json\/wp\/v2\/types\/post"}],"author":[{"embeddable":true,"href":"https:\/\/www.elsindical.com.ar\/notas\/wp-json\/wp\/v2\/users\/1"}],"replies":[{"embeddable":true,"href":"https:\/\/www.elsindical.com.ar\/notas\/wp-json\/wp\/v2\/comments?post=76039"}],"version-history":[{"count":1,"href":"https:\/\/www.elsindical.com.ar\/notas\/wp-json\/wp\/v2\/posts\/76039\/revisions"}],"predecessor-version":[{"id":76041,"href":"https:\/\/www.elsindical.com.ar\/notas\/wp-json\/wp\/v2\/posts\/76039\/revisions\/76041"}],"wp:featuredmedia":[{"embeddable":true,"href":"https:\/\/www.elsindical.com.ar\/notas\/wp-json\/wp\/v2\/media\/76040"}],"wp:attachment":[{"href":"https:\/\/www.elsindical.com.ar\/notas\/wp-json\/wp\/v2\/media?parent=76039"}],"wp:term":[{"taxonomy":"category","embeddable":true,"href":"https:\/\/www.elsindical.com.ar\/notas\/wp-json\/wp\/v2\/categories?post=76039"},{"taxonomy":"post_tag","embeddable":true,"href":"https:\/\/www.elsindical.com.ar\/notas\/wp-json\/wp\/v2\/tags?post=76039"}],"curies":[{"name":"wp","href":"https:\/\/api.w.org\/{rel}","templated":true}]}}