{"id":7603,"date":"2010-06-30T00:51:30","date_gmt":"2010-06-30T03:51:30","guid":{"rendered":"http:\/\/www.elsindical.com.ar\/notas\/?p=7603"},"modified":"2010-06-30T00:51:30","modified_gmt":"2010-06-30T03:51:30","slug":"gremios-maritimos-en-estado-de-alerta","status":"publish","type":"post","link":"https:\/\/www.elsindical.com.ar\/notas\/gremios-maritimos-en-estado-de-alerta\/","title":{"rendered":"Gremios mar\u00edtimos en estado de alerta"},"content":{"rendered":"<p style=\"text-align: justify;\"><em><a href=\"http:\/\/www.elsindical.com.ar\/notas\/var\/www\/html\/notas\/wp-content\/uploads\/2010\/06\/SOMU-logo.jpg\"><img loading=\"lazy\" decoding=\"async\" class=\"alignleft size-full wp-image-7604\" title=\"SOMU-logo\" src=\"http:\/\/www.elsindical.com.ar\/notas\/var\/www\/html\/notas\/wp-content\/uploads\/2010\/06\/SOMU-logo.jpg\" alt=\"\" width=\"148\" height=\"218\" \/><\/a>El Sindicato de Obreros Mar\u00edtimos Unidos (SOMU), el Centro de Patrones y Oficiales Fluviales, de Pesca y Cabotaje Mar\u00edtimo, y el Centro de Jefes y Oficiales Maquinistas Navales, integrantes de la Federaci\u00f3n Mar\u00edtima Portuaria y de la Industria Naval de la Rep\u00fablica Argentina (FeMPINRA), realizaron en la sede de la Confederaci\u00f3n Argentina de Trabajadores del Transporte (CATT) una rueda de prensa para denunciar la situaci\u00f3n de la navegaci\u00f3n en Hidrov\u00eda con la desaparici\u00f3n de la bandera argentina en los buques que la navegan.<\/em><\/p>\n<p style=\"text-align: justify;\">El secretario general del Centro de Patrones y Oficiales Fluviales, de Pesca y Cabotaje Mar\u00edtimo, Juan Carlos Pucci, acompa\u00f1ado por Gustavo Mujica, vicepresidente del Centro de Jefes y Oficiales Maquinistas Navales y Luis H\u00e9ctor<\/p>\n<p style=\"text-align: justify;\">Rebollo (secretario de Prensa de la FeMPINRA), se\u00f1al\u00f3 que \u201ca lo largo de estos a\u00f1os, hemos visto una falta de pol\u00edticas adecuadas para eliminar las asimetr\u00edas que existen en la navegaci\u00f3n fluvial en la Hidrov\u00eda Paran\u00e1-Paraguay hacia la Argentina , con una injusta competencia por parte de los pa\u00edses del MERCOSUR &#8211;\u00a0 sobre todo de Paraguay y Bolivia &#8211; que est\u00e1n haciendo desaparecer los buques con nuestra bandera en el tr\u00e1fico de la Hidrov\u00eda, como as\u00ed tambi\u00e9n, la fuente de trabajo para los puestos argentinos y la actividad en los puertos nacionales,\u00a0 provocando fugas incalculables de divisas de nuestra Naci\u00f3n.<\/p>\n<p style=\"text-align: justify;\">Durante a\u00f1os \u2013continu\u00f3 el capit\u00e1n Pucci- hemos advertido de esta situaci\u00f3n a la Canciller\u00eda Argentina , a la Secretar\u00eda de Transporte, a la Administraci\u00f3n Nacional de Ingresos P\u00fablicos (AFIP), y a la propia Comisi\u00f3n de Intereses Mar\u00edtimos de Diputados de la Naci\u00f3n. Hemos explicado lo desmesurado de las cargas impositivas hacia las empresas argentinas debido al incumplimiento por parte de nuestro pa\u00eds del protocolo adicional al Acuerdo de Transporte Fluvial por la Hidrov\u00eda Paran\u00e1-Paraguay\u00a0 \u201csobre condiciones de igualdad de oportunidades para una mayor competitividad\u201d,\u00a0 ha hecho emigrar a las empresas a otras banderas, sobretodo a la paraguaya, relegando a tan solo un 5% la flota con bandera nacional, cuando en los a\u00f1os 90 oper\u00e1bamos con un 50%.<\/p>\n<p style=\"text-align: justify;\">Dos a\u00f1os atr\u00e1s, despu\u00e9s de un conflicto en toda el \u00e1rea portuaria mar\u00edtima, se realizaron gestiones tendientes a solucionar esta incipiente problem\u00e1tica en el \u00e1mbito del Ministerio de Trabajo, donde al final todo termin\u00f3 en nada.<\/p>\n","protected":false},"excerpt":{"rendered":"<p>El Sindicato de Obreros Mar\u00edtimos Unidos (SOMU), el Centro de Patrones y Oficiales Fluviales, de Pesca y Cabotaje Mar\u00edtimo, y el Centro de Jefes y Oficiales Maquinistas Navales, integrantes de la Federaci\u00f3n Mar\u00edtima Portuaria y de la Industria Naval de la Rep\u00fablica Argentina (FeMPINRA), realizaron en la sede de la Confederaci\u00f3n Argentina de Trabajadores del&hellip;<\/p>\n","protected":false},"author":1,"featured_media":0,"comment_status":"open","ping_status":"open","sticky":false,"template":"","format":"standard","meta":{"footnotes":""},"categories":[16],"tags":[3798,2318,3219],"class_list":["post-7603","post","type-post","status-publish","format-standard","hentry","category-gremiales","tag-fempinra","tag-portuarios","tag-somu"],"_links":{"self":[{"href":"https:\/\/www.elsindical.com.ar\/notas\/wp-json\/wp\/v2\/posts\/7603","targetHints":{"allow":["GET"]}}],"collection":[{"href":"https:\/\/www.elsindical.com.ar\/notas\/wp-json\/wp\/v2\/posts"}],"about":[{"href":"https:\/\/www.elsindical.com.ar\/notas\/wp-json\/wp\/v2\/types\/post"}],"author":[{"embeddable":true,"href":"https:\/\/www.elsindical.com.ar\/notas\/wp-json\/wp\/v2\/users\/1"}],"replies":[{"embeddable":true,"href":"https:\/\/www.elsindical.com.ar\/notas\/wp-json\/wp\/v2\/comments?post=7603"}],"version-history":[{"count":1,"href":"https:\/\/www.elsindical.com.ar\/notas\/wp-json\/wp\/v2\/posts\/7603\/revisions"}],"predecessor-version":[{"id":7605,"href":"https:\/\/www.elsindical.com.ar\/notas\/wp-json\/wp\/v2\/posts\/7603\/revisions\/7605"}],"wp:attachment":[{"href":"https:\/\/www.elsindical.com.ar\/notas\/wp-json\/wp\/v2\/media?parent=7603"}],"wp:term":[{"taxonomy":"category","embeddable":true,"href":"https:\/\/www.elsindical.com.ar\/notas\/wp-json\/wp\/v2\/categories?post=7603"},{"taxonomy":"post_tag","embeddable":true,"href":"https:\/\/www.elsindical.com.ar\/notas\/wp-json\/wp\/v2\/tags?post=7603"}],"curies":[{"name":"wp","href":"https:\/\/api.w.org\/{rel}","templated":true}]}}