{"id":76003,"date":"2018-02-16T13:30:02","date_gmt":"2018-02-16T16:30:02","guid":{"rendered":"http:\/\/www.elsindical.com.ar\/notas\/?p=76003"},"modified":"2018-02-16T13:30:02","modified_gmt":"2018-02-16T16:30:02","slug":"la-camara-del-crimen-agravo-la-calificacion-penal-de-su-proceso-y-anulo-el-embargo","status":"publish","type":"post","link":"https:\/\/www.elsindical.com.ar\/notas\/la-camara-del-crimen-agravo-la-calificacion-penal-de-su-proceso-y-anulo-el-embargo\/","title":{"rendered":"La C\u00e1mara del Crimen agrav\u00f3 la calificaci\u00f3n penal de su proceso y anul\u00f3 el embargo"},"content":{"rendered":"<p><em>\u00a0<a href=\"http:\/\/www.elsindical.com.ar\/notas\/var\/www\/html\/notas\/wp-content\/uploads\/2017\/12\/Luis-Oscar-Chocobar-polic\u00eda-detenido.jpg\"><img loading=\"lazy\" decoding=\"async\" class=\"alignnone size-medium wp-image-74802\" src=\"http:\/\/www.elsindical.com.ar\/notas\/var\/www\/html\/notas\/wp-content\/uploads\/2017\/12\/Luis-Oscar-Chocobar-polic\u00eda-detenido-270x300.jpg\" alt=\"\" width=\"270\" height=\"300\" srcset=\"https:\/\/www.elsindical.com.ar\/notas\/var\/www\/html\/notas\/wp-content\/uploads\/2017\/12\/Luis-Oscar-Chocobar-polic\u00eda-detenido-270x300.jpg 270w, https:\/\/www.elsindical.com.ar\/notas\/var\/www\/html\/notas\/wp-content\/uploads\/2017\/12\/Luis-Oscar-Chocobar-polic\u00eda-detenido.jpg 325w\" sizes=\"auto, (max-width: 270px) 100vw, 270px\" \/><\/a> La C\u00e1mara del Crimen decidi\u00f3 cambiar la calificaci\u00f3n al entender que hubo un exceso en el cumplimiento del deber y no leg\u00edtima defensa.<\/em><\/p>\n<p>La C\u00e1mara del Crimen confirm\u00f3 el viernes\u00a0el procesamiento del polic\u00eda <strong>Luis Oscar Chocobar <\/strong>por la muerte del ladr\u00f3n que asalt\u00f3 y apu\u00f1al\u00f3 a un turista en el barrio porte\u00f1o de La Boca, pero cambi\u00f3 la calificaci\u00f3n al entender que hubo un exceso en el cumplimiento del deber y no en la leg\u00edtima defensa, informaron fuentes judiciales.<\/p>\n<p>Los jueces de la Sala IV de la C\u00e1mara del Crimen consideraron que Chocobar actu\u00f3 correctamente en el inicio de los hechos pero pusieron reparos sobre el desenlace, por lo que cambiaron la calificaci\u00f3n legal a \u00ab<em>homicidio agravado por uso de arma de fuego, en exceso en el cumplimiento de un deber\u00bb,<\/em><\/p>\n<p><i>Por otro lado, decidieron declarar la nulidad\u00a0<\/i>del embargo por 400 mil pesos que le hab\u00eda trabado el tribunal de primera instancia que lo proces\u00f3\u00a0por \u00ab<em>exceso en leg\u00edtima defensa\u00bb.\u00a0<\/em><\/p>\n<p><em>\u00abChocobar intervino porque deb\u00eda hacerlo, m\u00e1ximo si se tiene en cuenta que el episodio se desarroll\u00f3 mientras se dirig\u00eda a cumplir su funci\u00f3n. Lo hizo inicialmente ajustando su comportamiento a la normativa que regula la funci\u00f3n policial, \u00a0pero concluy\u00f3 en un acto excesivo que merece ser juzgado en una etapa posterior\u00bb,<\/em> concluy\u00f3 el tribunal.<\/p>\n<p>Los camaristas <strong>Julio Lucini, Rodolfo Pociello Argerich y \u00a0Mariano Gonz\u00e1lez Palazzo <\/strong>consideraron que al disparar cuatro veces contra el delincuente tuvo una<em> \u00abdecisi\u00f3n excesiva en tanto provoc\u00f3 un da\u00f1o superior al que quiso hacer cesar\u00bb.<\/em><\/p>\n","protected":false},"excerpt":{"rendered":"<p>\u00a0 La C\u00e1mara del Crimen decidi\u00f3 cambiar la calificaci\u00f3n al entender que hubo un exceso en el cumplimiento del deber y no leg\u00edtima defensa. La C\u00e1mara del Crimen confirm\u00f3 el viernes\u00a0el procesamiento del polic\u00eda Luis Oscar Chocobar por la muerte del ladr\u00f3n que asalt\u00f3 y apu\u00f1al\u00f3 a un turista en el barrio porte\u00f1o de La&hellip;<\/p>\n","protected":false},"author":1,"featured_media":74802,"comment_status":"open","ping_status":"open","sticky":false,"template":"","format":"standard","meta":{"footnotes":""},"categories":[20],"tags":[4726,2433,27988,305,28254],"class_list":["post-76003","post","type-post","status-publish","format-standard","has-post-thumbnail","hentry","category-judiciales","tag-camara-del-crimen","tag-la-boca","tag-luis-oscar-chocobar","tag-muerte","tag-policia-local-avellaneda"],"_links":{"self":[{"href":"https:\/\/www.elsindical.com.ar\/notas\/wp-json\/wp\/v2\/posts\/76003","targetHints":{"allow":["GET"]}}],"collection":[{"href":"https:\/\/www.elsindical.com.ar\/notas\/wp-json\/wp\/v2\/posts"}],"about":[{"href":"https:\/\/www.elsindical.com.ar\/notas\/wp-json\/wp\/v2\/types\/post"}],"author":[{"embeddable":true,"href":"https:\/\/www.elsindical.com.ar\/notas\/wp-json\/wp\/v2\/users\/1"}],"replies":[{"embeddable":true,"href":"https:\/\/www.elsindical.com.ar\/notas\/wp-json\/wp\/v2\/comments?post=76003"}],"version-history":[{"count":1,"href":"https:\/\/www.elsindical.com.ar\/notas\/wp-json\/wp\/v2\/posts\/76003\/revisions"}],"predecessor-version":[{"id":76004,"href":"https:\/\/www.elsindical.com.ar\/notas\/wp-json\/wp\/v2\/posts\/76003\/revisions\/76004"}],"wp:featuredmedia":[{"embeddable":true,"href":"https:\/\/www.elsindical.com.ar\/notas\/wp-json\/wp\/v2\/media\/74802"}],"wp:attachment":[{"href":"https:\/\/www.elsindical.com.ar\/notas\/wp-json\/wp\/v2\/media?parent=76003"}],"wp:term":[{"taxonomy":"category","embeddable":true,"href":"https:\/\/www.elsindical.com.ar\/notas\/wp-json\/wp\/v2\/categories?post=76003"},{"taxonomy":"post_tag","embeddable":true,"href":"https:\/\/www.elsindical.com.ar\/notas\/wp-json\/wp\/v2\/tags?post=76003"}],"curies":[{"name":"wp","href":"https:\/\/api.w.org\/{rel}","templated":true}]}}