{"id":75969,"date":"2018-02-14T12:15:28","date_gmt":"2018-02-14T15:15:28","guid":{"rendered":"http:\/\/www.elsindical.com.ar\/notas\/?p=75969"},"modified":"2018-02-14T12:15:28","modified_gmt":"2018-02-14T15:15:28","slug":"indignacion-popular-por-el-proceso-del-pedofilo-y-el-padre-que-lo-detuvo","status":"publish","type":"post","link":"https:\/\/www.elsindical.com.ar\/notas\/indignacion-popular-por-el-proceso-del-pedofilo-y-el-padre-que-lo-detuvo\/","title":{"rendered":"Indignaci\u00f3n popular por el proceso del ped\u00f3filo y el padre que lo detuvo"},"content":{"rendered":"<p><em><a href=\"http:\/\/www.elsindical.com.ar\/notas\/var\/www\/html\/notas\/wp-content\/uploads\/2018\/02\/Germ\u00e1n-Acosta-golpeado.jpg\"><img loading=\"lazy\" decoding=\"async\" class=\"alignnone size-medium wp-image-75972\" src=\"http:\/\/www.elsindical.com.ar\/notas\/var\/www\/html\/notas\/wp-content\/uploads\/2018\/02\/Germ\u00e1n-Acosta-golpeado-300x169.jpg\" alt=\"\" width=\"300\" height=\"169\" srcset=\"https:\/\/www.elsindical.com.ar\/notas\/var\/www\/html\/notas\/wp-content\/uploads\/2018\/02\/Germ\u00e1n-Acosta-golpeado-300x169.jpg 300w, https:\/\/www.elsindical.com.ar\/notas\/var\/www\/html\/notas\/wp-content\/uploads\/2018\/02\/Germ\u00e1n-Acosta-golpeado-768x432.jpg 768w, https:\/\/www.elsindical.com.ar\/notas\/var\/www\/html\/notas\/wp-content\/uploads\/2018\/02\/Germ\u00e1n-Acosta-golpeado-500x281.jpg 500w, https:\/\/www.elsindical.com.ar\/notas\/var\/www\/html\/notas\/wp-content\/uploads\/2018\/02\/Germ\u00e1n-Acosta-golpeado-460x260.jpg 460w, https:\/\/www.elsindical.com.ar\/notas\/var\/www\/html\/notas\/wp-content\/uploads\/2018\/02\/Germ\u00e1n-Acosta-golpeado.jpg 800w\" sizes=\"auto, (max-width: 300px) 100vw, 300px\" \/><\/a>\u00a0 Manifiestas muestras de repudio general se han dado en el caso del ped\u00f3filo detenido por el padre de una menor que se hizo pasar por su hija, lo cit\u00f3 y la entreg\u00f3 a la polic\u00eda, lo curioso es que tanto el ped\u00f3filo como el padre de la menor han quedado en igualdad de condiciones, es decir, ambos est\u00e1n procesados y con posibilidades de enfrentar un juicio oral, uno por su conducta online y el otro por lesiones.<\/em><\/p>\n<p>Un hombre atac\u00f3 a golpes a otro al que sorprendi\u00f3 mientras le enviaba mensajes obscenos a su hija de once a\u00f1os, al hacerse pasar por la ni\u00f1a y citarlo en una esquina del barrio porte\u00f1o de Villa Crespo.<\/p>\n<p>El incidente se produjo en las \u00faltimas horas en la esquina de las avenidas Corrientes y Juan B. Justo, d\u00f3nde el padre de la ni\u00f1a cit\u00f3 al presunto abusador.<\/p>\n<p>Seg\u00fan indicaron fuentes policiales, el padre hab\u00eda encontrado en el tel\u00e9fono de la ni\u00f1a im\u00e1genes del hombre acusado desnudo, adem\u00e1s de una serie de mensajes insinuantes.<\/p>\n<p>Al parecer, el sujeto hab\u00eda citado a la ni\u00f1a a la mencionada esquina y su padre asisti\u00f3 al sitio en lugar de ella.<\/p>\n<p>En el hecho tomaron participaci\u00f3n efectivos de la comisar\u00eda 27 de la Polic\u00eda de la Ciudad que labr\u00f3 actuaciones por \u00abgrooming\u00bb y por \u00ablesiones\u00bb, en forma separada.<\/p>\n<p>En tanto, tambi\u00e9n intervino el Juzgado en lo Criminal y Correccional n\u00famero 23 porte\u00f1o y se dispuso que el hombre acusado de \u00abgrooming\u00bb no sea detenido, ya que el padre de la menor por el momento no hab\u00eda radicado la denuncia formal.<\/p>\n<p>El peligroso delincuente sexual fue identificado como Germ\u00e1 Acosta de 29 a\u00f1os, el cual vive en el barrio de Chacarita y seg\u00fan su madre, \u00e9l se encuentra a derecho y no se ha presentado a\u00fan en la justicia porque no recibi\u00f3 ninguna citaci\u00f3n, mientras que quien s\u00ed fue notificado y procesado por lesiones leves es el padre de la menor, este hecho gener\u00f3 un profundo repudio social, el degenerado en libertad y sin que siquiera le secuestren el celular y las computadoras para investigar si existen m\u00e1s v\u00edctimas.<\/p>\n<p>En tanto, el progenitor de la ni\u00f1a fue acusado de \u00ablesiones\u00bb, pero tampoco se dispuso otra medida que su identificaci\u00f3n y notificaci\u00f3n de la causa.<\/p>\n<p><a href=\"http:\/\/www.elsindical.com.ar\/notas\/var\/www\/html\/notas\/wp-content\/uploads\/2018\/02\/0028912294.jpg\"><img loading=\"lazy\" decoding=\"async\" class=\"alignnone size-medium wp-image-75971\" src=\"http:\/\/www.elsindical.com.ar\/notas\/var\/www\/html\/notas\/wp-content\/uploads\/2018\/02\/0028912294-168x300.jpg\" alt=\"\" width=\"168\" height=\"300\" srcset=\"https:\/\/www.elsindical.com.ar\/notas\/var\/www\/html\/notas\/wp-content\/uploads\/2018\/02\/0028912294-168x300.jpg 168w, https:\/\/www.elsindical.com.ar\/notas\/var\/www\/html\/notas\/wp-content\/uploads\/2018\/02\/0028912294.jpg 342w\" sizes=\"auto, (max-width: 168px) 100vw, 168px\" \/><\/a> <a href=\"http:\/\/www.elsindical.com.ar\/notas\/var\/www\/html\/notas\/wp-content\/uploads\/2018\/02\/mensajes-del-ped\u00f3filo.jpg\"><img loading=\"lazy\" decoding=\"async\" class=\"alignnone size-medium wp-image-75970\" src=\"http:\/\/www.elsindical.com.ar\/notas\/var\/www\/html\/notas\/wp-content\/uploads\/2018\/02\/mensajes-del-ped\u00f3filo-300x169.jpg\" alt=\"\" width=\"300\" height=\"169\" srcset=\"https:\/\/www.elsindical.com.ar\/notas\/var\/www\/html\/notas\/wp-content\/uploads\/2018\/02\/mensajes-del-ped\u00f3filo-300x169.jpg 300w, https:\/\/www.elsindical.com.ar\/notas\/var\/www\/html\/notas\/wp-content\/uploads\/2018\/02\/mensajes-del-ped\u00f3filo-768x432.jpg 768w, https:\/\/www.elsindical.com.ar\/notas\/var\/www\/html\/notas\/wp-content\/uploads\/2018\/02\/mensajes-del-ped\u00f3filo-1024x576.jpg 1024w, https:\/\/www.elsindical.com.ar\/notas\/var\/www\/html\/notas\/wp-content\/uploads\/2018\/02\/mensajes-del-ped\u00f3filo-500x281.jpg 500w, https:\/\/www.elsindical.com.ar\/notas\/var\/www\/html\/notas\/wp-content\/uploads\/2018\/02\/mensajes-del-ped\u00f3filo-460x260.jpg 460w, https:\/\/www.elsindical.com.ar\/notas\/var\/www\/html\/notas\/wp-content\/uploads\/2018\/02\/mensajes-del-ped\u00f3filo.jpg 1140w\" sizes=\"auto, (max-width: 300px) 100vw, 300px\" \/><\/a><\/p>\n","protected":false},"excerpt":{"rendered":"<p>\u00a0 Manifiestas muestras de repudio general se han dado en el caso del ped\u00f3filo detenido por el padre de una menor que se hizo pasar por su hija, lo cit\u00f3 y la entreg\u00f3 a la polic\u00eda, lo curioso es que tanto el ped\u00f3filo como el padre de la menor han quedado en igualdad de condiciones,&hellip;<\/p>\n","protected":false},"author":1,"featured_media":75972,"comment_status":"open","ping_status":"open","sticky":false,"template":"","format":"standard","meta":{"footnotes":""},"categories":[20],"tags":[396,28248,252,4844,1607],"class_list":["post-75969","post","type-post","status-publish","format-standard","has-post-thumbnail","hentry","category-judiciales","tag-chacarita","tag-german-acosta","tag-menores","tag-pedofilo","tag-villa-crespo"],"_links":{"self":[{"href":"https:\/\/www.elsindical.com.ar\/notas\/wp-json\/wp\/v2\/posts\/75969","targetHints":{"allow":["GET"]}}],"collection":[{"href":"https:\/\/www.elsindical.com.ar\/notas\/wp-json\/wp\/v2\/posts"}],"about":[{"href":"https:\/\/www.elsindical.com.ar\/notas\/wp-json\/wp\/v2\/types\/post"}],"author":[{"embeddable":true,"href":"https:\/\/www.elsindical.com.ar\/notas\/wp-json\/wp\/v2\/users\/1"}],"replies":[{"embeddable":true,"href":"https:\/\/www.elsindical.com.ar\/notas\/wp-json\/wp\/v2\/comments?post=75969"}],"version-history":[{"count":1,"href":"https:\/\/www.elsindical.com.ar\/notas\/wp-json\/wp\/v2\/posts\/75969\/revisions"}],"predecessor-version":[{"id":75973,"href":"https:\/\/www.elsindical.com.ar\/notas\/wp-json\/wp\/v2\/posts\/75969\/revisions\/75973"}],"wp:featuredmedia":[{"embeddable":true,"href":"https:\/\/www.elsindical.com.ar\/notas\/wp-json\/wp\/v2\/media\/75972"}],"wp:attachment":[{"href":"https:\/\/www.elsindical.com.ar\/notas\/wp-json\/wp\/v2\/media?parent=75969"}],"wp:term":[{"taxonomy":"category","embeddable":true,"href":"https:\/\/www.elsindical.com.ar\/notas\/wp-json\/wp\/v2\/categories?post=75969"},{"taxonomy":"post_tag","embeddable":true,"href":"https:\/\/www.elsindical.com.ar\/notas\/wp-json\/wp\/v2\/tags?post=75969"}],"curies":[{"name":"wp","href":"https:\/\/api.w.org\/{rel}","templated":true}]}}