{"id":75964,"date":"2018-02-14T11:50:02","date_gmt":"2018-02-14T14:50:02","guid":{"rendered":"http:\/\/www.elsindical.com.ar\/notas\/?p=75964"},"modified":"2018-02-14T11:50:02","modified_gmt":"2018-02-14T14:50:02","slug":"ezpeleta-escandalo-en-la-morgue-denuncian-graves-irregularidades","status":"publish","type":"post","link":"https:\/\/www.elsindical.com.ar\/notas\/ezpeleta-escandalo-en-la-morgue-denuncian-graves-irregularidades\/","title":{"rendered":"Ezpeleta: Esc\u00e1ndalo en la morgue, denuncian graves irregularidades"},"content":{"rendered":"<p><a href=\"http:\/\/www.elsindical.com.ar\/notas\/var\/www\/html\/notas\/wp-content\/uploads\/2018\/02\/morgue-de-Ezpeleta.jpg\"><img loading=\"lazy\" decoding=\"async\" class=\"alignnone size-medium wp-image-75967\" src=\"http:\/\/www.elsindical.com.ar\/notas\/var\/www\/html\/notas\/wp-content\/uploads\/2018\/02\/morgue-de-Ezpeleta-300x169.jpg\" alt=\"\" width=\"300\" height=\"169\" srcset=\"https:\/\/www.elsindical.com.ar\/notas\/var\/www\/html\/notas\/wp-content\/uploads\/2018\/02\/morgue-de-Ezpeleta-300x169.jpg 300w, https:\/\/www.elsindical.com.ar\/notas\/var\/www\/html\/notas\/wp-content\/uploads\/2018\/02\/morgue-de-Ezpeleta-500x281.jpg 500w, https:\/\/www.elsindical.com.ar\/notas\/var\/www\/html\/notas\/wp-content\/uploads\/2018\/02\/morgue-de-Ezpeleta-460x260.jpg 460w, https:\/\/www.elsindical.com.ar\/notas\/var\/www\/html\/notas\/wp-content\/uploads\/2018\/02\/morgue-de-Ezpeleta.jpg 745w\" sizes=\"auto, (max-width: 300px) 100vw, 300px\" \/><\/a>\u00a0 Por estos d\u00edas una grave denuncia comenz\u00f3 a circular por las redes sociales hasta que por sus caracter\u00edsticas lleg\u00f3 a los medios grandes, algunas de las fotos conocidas muestran el estado real de la morgue y no solo es asqueroso a la vista, sino que atenta contra las normas de higiene y salubridad.<\/p>\n<p>Quienes all\u00ed desempe\u00f1an su trabajo a diario lo hacen en p\u00e9simas condiciones de salud, las quejas a la gobernadora Mar\u00eda Eugenia Vidal no se hicieron esperar, reproducimos textual lo publicado en las redes:<\/p>\n<p><strong><em>BASTA QUE SE CIERRE LA MORGUE DE EZPELETA ya no se puede trabajar m\u00e1s en estas condiciones , gusanos x <span class=\"text_exposed_show\">todos lados, cad\u00e1veres en el pizo .li\u00edquido de cad\u00e1vericos que llegan hasta las calles del cementerio, camiones no habilitados sin fr\u00edo para traslado de cuerpos, , personal CANSADO de estar \u201cSolo\u201d sabiendo y bajando cadaveres. BASTA!! de mentiras los cuerpos quedan arriba del m\u00f3vil morguera xq la camara frigorifica no tiene fr\u00edo hace 4 meses. No se puede respirar. BASTA le decimos a la jefa de la morgue ezpeleta, que sin guante sin frasco sin impresoras sin indumentaria no se puede trabajar. BASTA le decimos al jefe de delegaci\u00f3n cient\u00edfica quilmes , que desde que se hizo cargo de la delegaci\u00f3n cient\u00edfica quilmes que ni si quiera hay agua para lavarse las manos BASTA!!!<\/span><\/em><\/strong><\/p>\n<div class=\"text_exposed_show\">\n<p><strong><em>\u00bfQUE el ministerio Ritondo no tiene conocimiento de esto ??, que la gobernadora Vidal no tiene conocimiento de esto \u00bf???, Que no sabe que el personal de morgue no cuenta con tareas riesgosa, que no cuenta con jubilaci\u00f3n anticipada por insalubridad por TODO BASTA<\/em><\/strong><\/p>\n<p><strong><em>Y para los que creen que todo esto es mentira, las puerta de la morgue est\u00e1n abierta al p\u00fablico, el que quiera puede ir y sentir el fuerte olor que hay\u2026\u00bb<\/em><\/strong><\/p>\n<p><a href=\"http:\/\/www.elsindical.com.ar\/notas\/var\/www\/html\/notas\/wp-content\/uploads\/2018\/02\/cuerpo-en-la-morgue-de-Ezpeleta.jpg\"><img loading=\"lazy\" decoding=\"async\" class=\"alignnone size-medium wp-image-75966\" src=\"http:\/\/www.elsindical.com.ar\/notas\/var\/www\/html\/notas\/wp-content\/uploads\/2018\/02\/cuerpo-en-la-morgue-de-Ezpeleta-300x225.jpg\" alt=\"\" width=\"300\" height=\"225\" srcset=\"https:\/\/www.elsindical.com.ar\/notas\/var\/www\/html\/notas\/wp-content\/uploads\/2018\/02\/cuerpo-en-la-morgue-de-Ezpeleta-300x225.jpg 300w, https:\/\/www.elsindical.com.ar\/notas\/var\/www\/html\/notas\/wp-content\/uploads\/2018\/02\/cuerpo-en-la-morgue-de-Ezpeleta-401x300.jpg 401w, https:\/\/www.elsindical.com.ar\/notas\/var\/www\/html\/notas\/wp-content\/uploads\/2018\/02\/cuerpo-en-la-morgue-de-Ezpeleta.jpg 745w\" sizes=\"auto, (max-width: 300px) 100vw, 300px\" \/><\/a> <a href=\"http:\/\/www.elsindical.com.ar\/notas\/var\/www\/html\/notas\/wp-content\/uploads\/2018\/02\/morguera-de-Ezpeleta.jpg\"><img loading=\"lazy\" decoding=\"async\" class=\"alignnone size-medium wp-image-75965\" src=\"http:\/\/www.elsindical.com.ar\/notas\/var\/www\/html\/notas\/wp-content\/uploads\/2018\/02\/morguera-de-Ezpeleta-225x300.jpg\" alt=\"\" width=\"225\" height=\"300\" srcset=\"https:\/\/www.elsindical.com.ar\/notas\/var\/www\/html\/notas\/wp-content\/uploads\/2018\/02\/morguera-de-Ezpeleta-225x300.jpg 225w, https:\/\/www.elsindical.com.ar\/notas\/var\/www\/html\/notas\/wp-content\/uploads\/2018\/02\/morguera-de-Ezpeleta.jpg 720w\" sizes=\"auto, (max-width: 225px) 100vw, 225px\" \/><\/a><\/p>\n<\/div>\n","protected":false},"excerpt":{"rendered":"<p>\u00a0 Por estos d\u00edas una grave denuncia comenz\u00f3 a circular por las redes sociales hasta que por sus caracter\u00edsticas lleg\u00f3 a los medios grandes, algunas de las fotos conocidas muestran el estado real de la morgue y no solo es asqueroso a la vista, sino que atenta contra las normas de higiene y salubridad. Quienes&hellip;<\/p>\n","protected":false},"author":1,"featured_media":75967,"comment_status":"open","ping_status":"open","sticky":false,"template":"","format":"standard","meta":{"footnotes":""},"categories":[6],"tags":[175,2127,2557,2406],"class_list":["post-75964","post","type-post","status-publish","format-standard","has-post-thumbnail","hentry","category-denuncias","tag-denuncia","tag-ezpeleta","tag-gobierno-de-la-provincia-de-buenos-aires","tag-morgue"],"_links":{"self":[{"href":"https:\/\/www.elsindical.com.ar\/notas\/wp-json\/wp\/v2\/posts\/75964","targetHints":{"allow":["GET"]}}],"collection":[{"href":"https:\/\/www.elsindical.com.ar\/notas\/wp-json\/wp\/v2\/posts"}],"about":[{"href":"https:\/\/www.elsindical.com.ar\/notas\/wp-json\/wp\/v2\/types\/post"}],"author":[{"embeddable":true,"href":"https:\/\/www.elsindical.com.ar\/notas\/wp-json\/wp\/v2\/users\/1"}],"replies":[{"embeddable":true,"href":"https:\/\/www.elsindical.com.ar\/notas\/wp-json\/wp\/v2\/comments?post=75964"}],"version-history":[{"count":1,"href":"https:\/\/www.elsindical.com.ar\/notas\/wp-json\/wp\/v2\/posts\/75964\/revisions"}],"predecessor-version":[{"id":75968,"href":"https:\/\/www.elsindical.com.ar\/notas\/wp-json\/wp\/v2\/posts\/75964\/revisions\/75968"}],"wp:featuredmedia":[{"embeddable":true,"href":"https:\/\/www.elsindical.com.ar\/notas\/wp-json\/wp\/v2\/media\/75967"}],"wp:attachment":[{"href":"https:\/\/www.elsindical.com.ar\/notas\/wp-json\/wp\/v2\/media?parent=75964"}],"wp:term":[{"taxonomy":"category","embeddable":true,"href":"https:\/\/www.elsindical.com.ar\/notas\/wp-json\/wp\/v2\/categories?post=75964"},{"taxonomy":"post_tag","embeddable":true,"href":"https:\/\/www.elsindical.com.ar\/notas\/wp-json\/wp\/v2\/tags?post=75964"}],"curies":[{"name":"wp","href":"https:\/\/api.w.org\/{rel}","templated":true}]}}