{"id":75961,"date":"2018-02-14T11:20:31","date_gmt":"2018-02-14T14:20:31","guid":{"rendered":"http:\/\/www.elsindical.com.ar\/notas\/?p=75961"},"modified":"2018-02-14T11:20:31","modified_gmt":"2018-02-14T14:20:31","slug":"garavano-le-recomendo-a-zaffaroni-que-deje-la-cidh-y-milite","status":"publish","type":"post","link":"https:\/\/www.elsindical.com.ar\/notas\/garavano-le-recomendo-a-zaffaroni-que-deje-la-cidh-y-milite\/","title":{"rendered":"Garavano le recomend\u00f3 a Zaffaroni que deje la CIDH y \u201cmilite\u201d"},"content":{"rendered":"<p><em>\u00a0 <a href=\"http:\/\/www.elsindical.com.ar\/notas\/var\/www\/html\/notas\/wp-content\/uploads\/2018\/02\/Zaffaroni-CIDH.jpg\"><img loading=\"lazy\" decoding=\"async\" class=\"alignnone size-medium wp-image-75962\" src=\"http:\/\/www.elsindical.com.ar\/notas\/var\/www\/html\/notas\/wp-content\/uploads\/2018\/02\/Zaffaroni-CIDH-300x141.jpg\" alt=\"\" width=\"300\" height=\"141\" srcset=\"https:\/\/www.elsindical.com.ar\/notas\/var\/www\/html\/notas\/wp-content\/uploads\/2018\/02\/Zaffaroni-CIDH-300x141.jpg 300w, https:\/\/www.elsindical.com.ar\/notas\/var\/www\/html\/notas\/wp-content\/uploads\/2018\/02\/Zaffaroni-CIDH-500x234.jpg 500w, https:\/\/www.elsindical.com.ar\/notas\/var\/www\/html\/notas\/wp-content\/uploads\/2018\/02\/Zaffaroni-CIDH.jpg 640w\" sizes=\"auto, (max-width: 300px) 100vw, 300px\" \/><\/a>Siguen las cr\u00edticas al juez de la Corte Interamericana de Derechos Humanos por sus dichos contra el Gobierno. \u201cLa idea de que los gobiernos no terminen el mandato, no es un tema para jugar\u201d, le respondi\u00f3 el ministro de Justicia, Germ\u00e1n Garavano, quien le aconsej\u00f3 que deje su cargo y \u201cmilite en el espacio que considera debe militar\u201d.<\/em><\/p>\n<p>El Ejecutivo cuestion\u00f3 al ex juez de la Corte Suprema y actual miembro de la Corte Interamericana de Derechos Humanos, Eugenio Zaffaroni, por sus expresiones de deseo sobre el anticipado fin del mandato de Mauricio Macri. El ministro Germ\u00e1n Garavano le recomend\u00f3 que se dedique a la pol\u00edtica y milite en alg\u00fan espacio.<\/p>\n<p>\u201cZaffaroni es una persona muy formada, inteligente y lo que hace es jugar con una idea que hoy a los argentinos nos produce rechazo: la idea de que los gobiernos no terminen el mandato. No es un tema para jugar. Me da una profunda tristeza\u201d, expres\u00f3 el ministro de Justicia.<\/p>\n<p>Y plante\u00f3 que \u201ccon la formaci\u00f3n asombrosa (que posee Zaffaroni) genera a prop\u00f3sito estas situaciones y con una finalidad pol\u00edtica partidaria\u201d. \u201cNo est\u00e1 mal, pero entonces que se dedique a esa pol\u00edtica partidaria y deje su cargo en la Corte Interamericana y milite en el espacio que considera debe militar\u201d, le recomend\u00f3.<\/p>\n<p>\u201cZaffaroni no necesita hacer estos juegos. No pone en riesgo la democracia pero genera un \u00e1nimo que excede las cr\u00edticas democr\u00e1ticas\u201d, analiz\u00f3 Garavano, quien consider\u00f3 que \u201cest\u00e1 en su derecho de criticar pero en este caso juega con la historia, con un pasado, con un temor, que est\u00e1 mal y mucho peor siendo juez de un organismo de derechos humanos a nivel regional donde fue elegido por Argentina\u201d.<\/p>\n","protected":false},"excerpt":{"rendered":"<p>\u00a0 Siguen las cr\u00edticas al juez de la Corte Interamericana de Derechos Humanos por sus dichos contra el Gobierno. \u201cLa idea de que los gobiernos no terminen el mandato, no es un tema para jugar\u201d, le respondi\u00f3 el ministro de Justicia, Germ\u00e1n Garavano, quien le aconsej\u00f3 que deje su cargo y \u201cmilite en el espacio&hellip;<\/p>\n","protected":false},"author":1,"featured_media":75962,"comment_status":"open","ping_status":"open","sticky":false,"template":"","format":"standard","meta":{"footnotes":""},"categories":[13],"tags":[2282,9969,23484,375,76],"class_list":["post-75961","post","type-post","status-publish","format-standard","has-post-thumbnail","hentry","category-politica","tag-criticas","tag-eugenio-zaffaroni","tag-german-garavano","tag-gobierno","tag-mauricio-macri"],"_links":{"self":[{"href":"https:\/\/www.elsindical.com.ar\/notas\/wp-json\/wp\/v2\/posts\/75961","targetHints":{"allow":["GET"]}}],"collection":[{"href":"https:\/\/www.elsindical.com.ar\/notas\/wp-json\/wp\/v2\/posts"}],"about":[{"href":"https:\/\/www.elsindical.com.ar\/notas\/wp-json\/wp\/v2\/types\/post"}],"author":[{"embeddable":true,"href":"https:\/\/www.elsindical.com.ar\/notas\/wp-json\/wp\/v2\/users\/1"}],"replies":[{"embeddable":true,"href":"https:\/\/www.elsindical.com.ar\/notas\/wp-json\/wp\/v2\/comments?post=75961"}],"version-history":[{"count":1,"href":"https:\/\/www.elsindical.com.ar\/notas\/wp-json\/wp\/v2\/posts\/75961\/revisions"}],"predecessor-version":[{"id":75963,"href":"https:\/\/www.elsindical.com.ar\/notas\/wp-json\/wp\/v2\/posts\/75961\/revisions\/75963"}],"wp:featuredmedia":[{"embeddable":true,"href":"https:\/\/www.elsindical.com.ar\/notas\/wp-json\/wp\/v2\/media\/75962"}],"wp:attachment":[{"href":"https:\/\/www.elsindical.com.ar\/notas\/wp-json\/wp\/v2\/media?parent=75961"}],"wp:term":[{"taxonomy":"category","embeddable":true,"href":"https:\/\/www.elsindical.com.ar\/notas\/wp-json\/wp\/v2\/categories?post=75961"},{"taxonomy":"post_tag","embeddable":true,"href":"https:\/\/www.elsindical.com.ar\/notas\/wp-json\/wp\/v2\/tags?post=75961"}],"curies":[{"name":"wp","href":"https:\/\/api.w.org\/{rel}","templated":true}]}}