{"id":75955,"date":"2018-02-14T10:56:12","date_gmt":"2018-02-14T13:56:12","guid":{"rendered":"http:\/\/www.elsindical.com.ar\/notas\/?p=75955"},"modified":"2018-02-14T10:56:12","modified_gmt":"2018-02-14T13:56:12","slug":"hoy-ser-en-vivo-en-el-konex","status":"publish","type":"post","link":"https:\/\/www.elsindical.com.ar\/notas\/hoy-ser-en-vivo-en-el-konex\/","title":{"rendered":"Hoy, Ser en vivo en el Konex"},"content":{"rendered":"<p dir=\"ltr\">HOY 21hs!<\/p>\n<p dir=\"ltr\">SER en el KONEX<\/p>\n<p dir=\"ltr\">Club 3131, Sarmiento 3131, CABA<\/p>\n<p dir=\"ltr\"><img loading=\"lazy\" decoding=\"async\" src=\"https:\/\/lh4.googleusercontent.com\/68uKeMdRnPPCysseaNJT20zklzrfOJKS69ea9VMtbTKS9wUs77F-AWJ-O7slsjdJzTdy0DULbOuxWbIwYJONFzMC2EfZvphlASdiogDsh4EcCF5cKRdKFj_SiXI6zj65wK1sRFuN\" alt=\"La imagen puede contener: 4 personas, personas sonriendo\" width=\"490\" height=\"612\" \/><\/p>\n<p dir=\"ltr\">SER se presentar\u00e1 hoy a las 21hs en el KONEX en el marco de la fiesta Club 3131, adelantando temas de su nuevo \u00e1lbum CRIATURAS.<\/p>\n<p dir=\"ltr\">(Entradas en puerta $100, incluye consumici\u00f3n)<\/p>\n<p dir=\"ltr\">\u201cSola\u201d, el primer single del nuevo disco de SER \u201cCriaturas\u201d, se convirti\u00f3 en una de las canciones m\u00e1s populares del verano llegando al puesto #1 en el Chart HOT SONG de Monitor Latino de Argentina.<\/p>\n<p dir=\"ltr\">El 23 de febrero se editar\u00e1 el \u00e1lbum completo titulado CRIATURAS.\u00a0 La producci\u00f3n art\u00edstica estuvo a cargo de Diego Blanco (Los Pericos) y el mastering deluxe en manos de Mr. Geoff Pesche en Abbey Road Studios (London).<\/p>\n<p dir=\"ltr\">Este show en el KONEX es parte de la gira de verano de SER que los llev\u00f3 durante los meses de enero y febrero a presentarse en vivo en Mar del Plata, Pinamar, Miramar, C\u00f3rdoba y Villa Carlos Paz.\u00a0 La gira continuar\u00e1 el pr\u00f3ximo martes 20 de febrero en la 17va Fiesta Nacional de la Cerveza Artesanal (Festival Pa\u00eds) como artistas principales en el d\u00eda del aniversario de Santa Clara del Mar.<\/p>\n<p dir=\"ltr\">MIR\u00c1 EL VIDEOCLIP DE SER \u201cSOLA\u201d:<\/p>\n<p dir=\"ltr\"><a title=\"Este enlace externo se abrir\u00e1 en una nueva ventana\" href=\"https:\/\/www.youtube.com\/watch?v=xSaFAWlCHkg\" target=\"_blank\" rel=\"noopener\">https:\/\/www.youtube.com\/watch?<wbr \/>v=xSaFAWlCHkg\u00a0<\/a><\/p>\n<p dir=\"ltr\">DESCARG\u00c1 \u201cSola\u201d aqu\u00ed:<\/p>\n<p dir=\"ltr\"><a title=\"Este enlace externo se abrir\u00e1 en una nueva ventana\" href=\"https:\/\/we.tl\/oeWvJ6QOnc\" target=\"_blank\" rel=\"noopener\">https:\/\/we.tl\/oeWvJ6QOnc<\/a><\/p>\n<p dir=\"ltr\">SER en Redes Sociales:<\/p>\n<p dir=\"ltr\">\u00a0Facebook: @Serpopargentina<\/p>\n<p dir=\"ltr\">Twitter:@serpop<\/p>\n<p dir=\"ltr\">Instagram: @serpoprock<\/p>\n<p dir=\"ltr\">Youtube: SER Canal Oficial<\/p>\n<p dir=\"ltr\">Nuevo Canal VEVO: SerOficialVEVO<\/p>\n<p dir=\"ltr\">MANAGEMENT Y CONTRATACIONES:<\/p>\n<p dir=\"ltr\">Villanueva | Aldasoro<\/p>\n<p dir=\"ltr\">Marketing + Comunicaci\u00f3n<\/p>\n<p dir=\"ltr\"><a title=\"Este enlace externo se abrir\u00e1 en una nueva ventana\" href=\"https:\/\/webmail.elsindical.com.ar\/cpsess2173834264\/3rdparty\/squirrelmail\/src\/compose.php?send_to=eli@elialdasoro.com\" target=\"_blank\" rel=\"noopener\">eli@elialdasoro.com<\/a><\/p>\n","protected":false},"excerpt":{"rendered":"<p>HOY 21hs! SER en el KONEX Club 3131, Sarmiento 3131, CABA SER se presentar\u00e1 hoy a las 21hs en el KONEX en el marco de la fiesta Club 3131, adelantando temas de su nuevo \u00e1lbum CRIATURAS. (Entradas en puerta $100, incluye consumici\u00f3n) \u201cSola\u201d, el primer single del nuevo disco de SER \u201cCriaturas\u201d, se convirti\u00f3 en&hellip;<\/p>\n","protected":false},"author":1,"featured_media":75956,"comment_status":"open","ping_status":"open","sticky":false,"template":"","format":"standard","meta":{"footnotes":""},"categories":[15],"tags":[28247,719,27623],"class_list":["post-75955","post","type-post","status-publish","format-standard","has-post-thumbnail","hentry","category-espectaculos","tag-konex","tag-recital","tag-ser"],"_links":{"self":[{"href":"https:\/\/www.elsindical.com.ar\/notas\/wp-json\/wp\/v2\/posts\/75955","targetHints":{"allow":["GET"]}}],"collection":[{"href":"https:\/\/www.elsindical.com.ar\/notas\/wp-json\/wp\/v2\/posts"}],"about":[{"href":"https:\/\/www.elsindical.com.ar\/notas\/wp-json\/wp\/v2\/types\/post"}],"author":[{"embeddable":true,"href":"https:\/\/www.elsindical.com.ar\/notas\/wp-json\/wp\/v2\/users\/1"}],"replies":[{"embeddable":true,"href":"https:\/\/www.elsindical.com.ar\/notas\/wp-json\/wp\/v2\/comments?post=75955"}],"version-history":[{"count":1,"href":"https:\/\/www.elsindical.com.ar\/notas\/wp-json\/wp\/v2\/posts\/75955\/revisions"}],"predecessor-version":[{"id":75957,"href":"https:\/\/www.elsindical.com.ar\/notas\/wp-json\/wp\/v2\/posts\/75955\/revisions\/75957"}],"wp:featuredmedia":[{"embeddable":true,"href":"https:\/\/www.elsindical.com.ar\/notas\/wp-json\/wp\/v2\/media\/75956"}],"wp:attachment":[{"href":"https:\/\/www.elsindical.com.ar\/notas\/wp-json\/wp\/v2\/media?parent=75955"}],"wp:term":[{"taxonomy":"category","embeddable":true,"href":"https:\/\/www.elsindical.com.ar\/notas\/wp-json\/wp\/v2\/categories?post=75955"},{"taxonomy":"post_tag","embeddable":true,"href":"https:\/\/www.elsindical.com.ar\/notas\/wp-json\/wp\/v2\/tags?post=75955"}],"curies":[{"name":"wp","href":"https:\/\/api.w.org\/{rel}","templated":true}]}}