{"id":75864,"date":"2018-02-09T15:34:32","date_gmt":"2018-02-09T18:34:32","guid":{"rendered":"http:\/\/www.elsindical.com.ar\/notas\/?p=75864"},"modified":"2018-02-09T15:34:32","modified_gmt":"2018-02-09T18:34:32","slug":"la-matanza-delincuentes-se-enfrentan-a-la-policia-a-los-tiros","status":"publish","type":"post","link":"https:\/\/www.elsindical.com.ar\/notas\/la-matanza-delincuentes-se-enfrentan-a-la-policia-a-los-tiros\/","title":{"rendered":"La Matanza: Delincuentes se enfrentan a la polic\u00eda a los tiros"},"content":{"rendered":"<p><em> <a href=\"http:\/\/www.elsindical.com.ar\/notas\/var\/www\/html\/notas\/wp-content\/uploads\/2018\/02\/delincuentes-Mercado-Central-01.jpeg\"><img loading=\"lazy\" decoding=\"async\" class=\"alignnone size-medium wp-image-75868\" src=\"http:\/\/www.elsindical.com.ar\/notas\/var\/www\/html\/notas\/wp-content\/uploads\/2018\/02\/delincuentes-Mercado-Central-01-300x169.jpeg\" alt=\"\" width=\"300\" height=\"169\" srcset=\"https:\/\/www.elsindical.com.ar\/notas\/var\/www\/html\/notas\/wp-content\/uploads\/2018\/02\/delincuentes-Mercado-Central-01-300x169.jpeg 300w, https:\/\/www.elsindical.com.ar\/notas\/var\/www\/html\/notas\/wp-content\/uploads\/2018\/02\/delincuentes-Mercado-Central-01-768x432.jpeg 768w, https:\/\/www.elsindical.com.ar\/notas\/var\/www\/html\/notas\/wp-content\/uploads\/2018\/02\/delincuentes-Mercado-Central-01-500x281.jpeg 500w, https:\/\/www.elsindical.com.ar\/notas\/var\/www\/html\/notas\/wp-content\/uploads\/2018\/02\/delincuentes-Mercado-Central-01-460x260.jpeg 460w, https:\/\/www.elsindical.com.ar\/notas\/var\/www\/html\/notas\/wp-content\/uploads\/2018\/02\/delincuentes-Mercado-Central-01.jpeg 970w\" sizes=\"auto, (max-width: 300px) 100vw, 300px\" \/><\/a>\u00a0 Tres malvivientes fueron sorprendidos en una zona prohibida del predio ubicado en la localidad bonaerense de La Matanza y se enfrentaron a los tiros con la polic\u00eda. Fueron detenidos.<\/em><\/p>\n<p>Tres delincuentes fueron detenidos el viernes en el Mercado Central de la localidad bonaerense de La Matanza luego de protagonizar un tenso tiroteo con la Polic\u00eda.<\/p>\n<p>Dos agentes de la fuerza notaron una camioneta en una zona prohibida del play\u00f3n del estacionamiento. Al acercarse a la\u00a0Renault\u00a0Kangoo\u00a0color azul,\u00a0el oficial<strong> Brian Leonardo Martino<\/strong> \u00a0y el sargento\u00a0<strong>V\u00edctor Hugo Calape\u00f1a<\/strong>\u00a0fueron sorprendidos por tres sujetos que se negaron a identificarse y comenzaron a disparar.<\/p>\n<p>Finalmente, los malvivientes, identificados como<strong> Alan\u00a0Gast\u00f3n\u00a0Riquelme<\/strong>\u00a0(27), <strong>Gerardo Daniel Erecart\u00a0<\/strong>(30) y <strong>Sebasti\u00e1n Ezequiel Jara <\/strong>(27), fueron detenidos por portaci\u00f3n\u00a0ilegal de armas. Uno de ellos ten\u00eda una pistola Browning\u00a09mm y otro un rev\u00f3lver D\u00f3verman\u00a0calibre .32.\u00a0Los delincuentes presentan heridas de arma de fuego en las piernas pero est\u00e1n fuera de peligro.<\/p>\n<p>Por el hecho tom\u00f3 intervenci\u00f3n la Unidad Funcional de Instrucci\u00f3n (UFI) n\u00famero 11 de La Matanza, a cargo del fiscal<strong> Jos\u00e9 Luis Maroto<\/strong>, quien caratul\u00f3 la causa como <em>\u00abtenencia ilegal de arma de fuego y portaci\u00f3n ilegal de arma de guerra\u00bb.<\/em><\/p>\n<p><a href=\"http:\/\/www.elsindical.com.ar\/notas\/var\/www\/html\/notas\/wp-content\/uploads\/2018\/02\/delincuentes-Mercado-Central-02.jpeg\"><img loading=\"lazy\" decoding=\"async\" class=\"alignnone size-medium wp-image-75867\" src=\"http:\/\/www.elsindical.com.ar\/notas\/var\/www\/html\/notas\/wp-content\/uploads\/2018\/02\/delincuentes-Mercado-Central-02-300x169.jpeg\" alt=\"\" width=\"300\" height=\"169\" srcset=\"https:\/\/www.elsindical.com.ar\/notas\/var\/www\/html\/notas\/wp-content\/uploads\/2018\/02\/delincuentes-Mercado-Central-02-300x169.jpeg 300w, https:\/\/www.elsindical.com.ar\/notas\/var\/www\/html\/notas\/wp-content\/uploads\/2018\/02\/delincuentes-Mercado-Central-02-768x432.jpeg 768w, https:\/\/www.elsindical.com.ar\/notas\/var\/www\/html\/notas\/wp-content\/uploads\/2018\/02\/delincuentes-Mercado-Central-02-500x281.jpeg 500w, https:\/\/www.elsindical.com.ar\/notas\/var\/www\/html\/notas\/wp-content\/uploads\/2018\/02\/delincuentes-Mercado-Central-02-460x260.jpeg 460w, https:\/\/www.elsindical.com.ar\/notas\/var\/www\/html\/notas\/wp-content\/uploads\/2018\/02\/delincuentes-Mercado-Central-02.jpeg 970w\" sizes=\"auto, (max-width: 300px) 100vw, 300px\" \/><\/a> <a href=\"http:\/\/www.elsindical.com.ar\/notas\/var\/www\/html\/notas\/wp-content\/uploads\/2018\/02\/delincuentes-Mercado-Central-03.jpeg\"><img loading=\"lazy\" decoding=\"async\" class=\"alignnone size-medium wp-image-75866\" src=\"http:\/\/www.elsindical.com.ar\/notas\/var\/www\/html\/notas\/wp-content\/uploads\/2018\/02\/delincuentes-Mercado-Central-03-300x169.jpeg\" alt=\"\" width=\"300\" height=\"169\" srcset=\"https:\/\/www.elsindical.com.ar\/notas\/var\/www\/html\/notas\/wp-content\/uploads\/2018\/02\/delincuentes-Mercado-Central-03-300x169.jpeg 300w, https:\/\/www.elsindical.com.ar\/notas\/var\/www\/html\/notas\/wp-content\/uploads\/2018\/02\/delincuentes-Mercado-Central-03-768x432.jpeg 768w, https:\/\/www.elsindical.com.ar\/notas\/var\/www\/html\/notas\/wp-content\/uploads\/2018\/02\/delincuentes-Mercado-Central-03-500x281.jpeg 500w, https:\/\/www.elsindical.com.ar\/notas\/var\/www\/html\/notas\/wp-content\/uploads\/2018\/02\/delincuentes-Mercado-Central-03-460x260.jpeg 460w, https:\/\/www.elsindical.com.ar\/notas\/var\/www\/html\/notas\/wp-content\/uploads\/2018\/02\/delincuentes-Mercado-Central-03.jpeg 970w\" sizes=\"auto, (max-width: 300px) 100vw, 300px\" \/><\/a> <a href=\"http:\/\/www.elsindical.com.ar\/notas\/var\/www\/html\/notas\/wp-content\/uploads\/2018\/02\/delincuentes-Mercado-Central-04.jpeg\"><img loading=\"lazy\" decoding=\"async\" class=\"alignnone size-medium wp-image-75865\" src=\"http:\/\/www.elsindical.com.ar\/notas\/var\/www\/html\/notas\/wp-content\/uploads\/2018\/02\/delincuentes-Mercado-Central-04-300x169.jpeg\" alt=\"\" width=\"300\" height=\"169\" srcset=\"https:\/\/www.elsindical.com.ar\/notas\/var\/www\/html\/notas\/wp-content\/uploads\/2018\/02\/delincuentes-Mercado-Central-04-300x169.jpeg 300w, https:\/\/www.elsindical.com.ar\/notas\/var\/www\/html\/notas\/wp-content\/uploads\/2018\/02\/delincuentes-Mercado-Central-04-768x432.jpeg 768w, https:\/\/www.elsindical.com.ar\/notas\/var\/www\/html\/notas\/wp-content\/uploads\/2018\/02\/delincuentes-Mercado-Central-04-500x281.jpeg 500w, https:\/\/www.elsindical.com.ar\/notas\/var\/www\/html\/notas\/wp-content\/uploads\/2018\/02\/delincuentes-Mercado-Central-04-460x260.jpeg 460w, https:\/\/www.elsindical.com.ar\/notas\/var\/www\/html\/notas\/wp-content\/uploads\/2018\/02\/delincuentes-Mercado-Central-04.jpeg 970w\" sizes=\"auto, (max-width: 300px) 100vw, 300px\" \/><\/a><\/p>\n","protected":false},"excerpt":{"rendered":"<p>\u00a0 Tres malvivientes fueron sorprendidos en una zona prohibida del predio ubicado en la localidad bonaerense de La Matanza y se enfrentaron a los tiros con la polic\u00eda. Fueron detenidos. Tres delincuentes fueron detenidos el viernes en el Mercado Central de la localidad bonaerense de La Matanza luego de protagonizar un tenso tiroteo con la&hellip;<\/p>\n","protected":false},"author":1,"featured_media":75868,"comment_status":"open","ping_status":"open","sticky":false,"template":"","format":"standard","meta":{"footnotes":""},"categories":[22],"tags":[1401,2846,238],"class_list":["post-75864","post","type-post","status-publish","format-standard","has-post-thumbnail","hentry","category-policiales","tag-la-matanza","tag-mercado-central","tag-tiroteo"],"_links":{"self":[{"href":"https:\/\/www.elsindical.com.ar\/notas\/wp-json\/wp\/v2\/posts\/75864","targetHints":{"allow":["GET"]}}],"collection":[{"href":"https:\/\/www.elsindical.com.ar\/notas\/wp-json\/wp\/v2\/posts"}],"about":[{"href":"https:\/\/www.elsindical.com.ar\/notas\/wp-json\/wp\/v2\/types\/post"}],"author":[{"embeddable":true,"href":"https:\/\/www.elsindical.com.ar\/notas\/wp-json\/wp\/v2\/users\/1"}],"replies":[{"embeddable":true,"href":"https:\/\/www.elsindical.com.ar\/notas\/wp-json\/wp\/v2\/comments?post=75864"}],"version-history":[{"count":1,"href":"https:\/\/www.elsindical.com.ar\/notas\/wp-json\/wp\/v2\/posts\/75864\/revisions"}],"predecessor-version":[{"id":75869,"href":"https:\/\/www.elsindical.com.ar\/notas\/wp-json\/wp\/v2\/posts\/75864\/revisions\/75869"}],"wp:featuredmedia":[{"embeddable":true,"href":"https:\/\/www.elsindical.com.ar\/notas\/wp-json\/wp\/v2\/media\/75868"}],"wp:attachment":[{"href":"https:\/\/www.elsindical.com.ar\/notas\/wp-json\/wp\/v2\/media?parent=75864"}],"wp:term":[{"taxonomy":"category","embeddable":true,"href":"https:\/\/www.elsindical.com.ar\/notas\/wp-json\/wp\/v2\/categories?post=75864"},{"taxonomy":"post_tag","embeddable":true,"href":"https:\/\/www.elsindical.com.ar\/notas\/wp-json\/wp\/v2\/tags?post=75864"}],"curies":[{"name":"wp","href":"https:\/\/api.w.org\/{rel}","templated":true}]}}