{"id":75852,"date":"2018-02-08T19:53:56","date_gmt":"2018-02-08T22:53:56","guid":{"rendered":"http:\/\/www.elsindical.com.ar\/notas\/?p=75852"},"modified":"2018-02-08T19:53:56","modified_gmt":"2018-02-08T22:53:56","slug":"forenses-confirmaron-lesiones-en-estomago-y-esofago-de-debora-perez-volpin","status":"publish","type":"post","link":"https:\/\/www.elsindical.com.ar\/notas\/forenses-confirmaron-lesiones-en-estomago-y-esofago-de-debora-perez-volpin\/","title":{"rendered":"Forenses confirmaron lesiones en est\u00f3mago y es\u00f3fago de D\u00e9bora P\u00e9rez Volpin"},"content":{"rendered":"<p><em><a href=\"http:\/\/www.elsindical.com.ar\/notas\/var\/www\/html\/notas\/wp-content\/uploads\/2018\/02\/D\u00e9bora-P\u00e9rez-Volpin-2.jpg\"><img loading=\"lazy\" decoding=\"async\" class=\"alignnone size-medium wp-image-75853\" src=\"http:\/\/www.elsindical.com.ar\/notas\/var\/www\/html\/notas\/wp-content\/uploads\/2018\/02\/D\u00e9bora-P\u00e9rez-Volpin-2-300x206.jpg\" alt=\"\" width=\"300\" height=\"206\" srcset=\"https:\/\/www.elsindical.com.ar\/notas\/var\/www\/html\/notas\/wp-content\/uploads\/2018\/02\/D\u00e9bora-P\u00e9rez-Volpin-2-300x206.jpg 300w, https:\/\/www.elsindical.com.ar\/notas\/var\/www\/html\/notas\/wp-content\/uploads\/2018\/02\/D\u00e9bora-P\u00e9rez-Volpin-2-768x527.jpg 768w, https:\/\/www.elsindical.com.ar\/notas\/var\/www\/html\/notas\/wp-content\/uploads\/2018\/02\/D\u00e9bora-P\u00e9rez-Volpin-2-437x300.jpg 437w, https:\/\/www.elsindical.com.ar\/notas\/var\/www\/html\/notas\/wp-content\/uploads\/2018\/02\/D\u00e9bora-P\u00e9rez-Volpin-2.jpg 862w\" sizes=\"auto, (max-width: 300px) 100vw, 300px\" \/><\/a>\u00a0 Los primeros datos oficiales del estudio m\u00e9dico ratifican que hab\u00eda \u00abperforaciones\u00bb. A pedido de los familiares, tratan de establecer c\u00f3mo se produjeron. La periodista muri\u00f3 durante una endoscop\u00eda.<\/em><\/p>\n<p>El Cuerpo M\u00e9dico Forense que llev\u00f3 a cabo la penosa tarea de la autopsia al cuerpo de D\u00e9bora P\u00e9rez Volpin, fallecida el pasado martes a los 50 a\u00f1os de edad, confirm\u00f3 que la periodista ten\u00eda cortes y perforaciones en el es\u00f3fago y lesiones en el est\u00f3mago.<\/p>\n<p>Los profesionales m\u00e9dicos forenses encontraron una \u00abperforaci\u00f3n de es\u00f3fago con insuflaci\u00f3n, neumot\u00f3rax y perforaci\u00f3n de est\u00f3mago\u00bb.<\/p>\n<p>La periodista y legisladora de la Ciudad muri\u00f3 tras hacerse una endoscop\u00eda, y si bien se inform\u00f3 en una primera instancia que la causa de la muerte era la de un paro cardiorrespiratorio, a\u00fan est\u00e1n pendientes los resultados de otros estudios complementarios para saber fehacientemente si esas lesiones se produjeron durante el procedimiento m\u00e9dico practicado o si -en su defecto- ya eran preexistentes.<\/p>\n<p>Los estudios sobre el cuerpo de D\u00e9bora P\u00e9rez Volpin fueron solicitados expresamente por los familiares directos de la periodsita y legisladora porte\u00f1a fallecida. As\u00ed mismo, otro informe indic\u00f3 que no se detectaron errores ni inconvenientes en el caso de la aplicaci\u00f3n de la anestesia durante la endoscop\u00eda que deriv\u00f3 en la muerte de P\u00e9rez Volpin.<\/p>\n<p>Los m\u00e9dicos que participaron de la autopsia en el Sanatorio de la Trinidad fueron Fernando Trezza, Roberto V\u00edctor Cohen y H\u00e9ctor Nicol\u00e1s Papagni, por la Morgue Judicial; Luis Mario Gines\u00edn, decano del Cuerpo M\u00e9dico Forense; dos peritos por parte de la familia P\u00e9rez Volpin; dos del lado de la anestesista N\u00e9lida Puente; y uno por parte del Sanatorio.<\/p>\n","protected":false},"excerpt":{"rendered":"<p>\u00a0 Los primeros datos oficiales del estudio m\u00e9dico ratifican que hab\u00eda \u00abperforaciones\u00bb. A pedido de los familiares, tratan de establecer c\u00f3mo se produjeron. La periodista muri\u00f3 durante una endoscop\u00eda. El Cuerpo M\u00e9dico Forense que llev\u00f3 a cabo la penosa tarea de la autopsia al cuerpo de D\u00e9bora P\u00e9rez Volpin, fallecida el pasado martes a los&hellip;<\/p>\n","protected":false},"author":1,"featured_media":75853,"comment_status":"open","ping_status":"open","sticky":false,"template":"","format":"standard","meta":{"footnotes":""},"categories":[20],"tags":[294,17432,28232,28234,7235,27481,28233,206,2757],"class_list":["post-75852","post","type-post","status-publish","format-standard","has-post-thumbnail","hentry","category-judiciales","tag-cortes","tag-cuerpo-medico-forense","tag-debora-perez-volpin","tag-esofago","tag-estomago","tag-forenses","tag-perforaciones","tag-periodista","tag-peritos"],"_links":{"self":[{"href":"https:\/\/www.elsindical.com.ar\/notas\/wp-json\/wp\/v2\/posts\/75852","targetHints":{"allow":["GET"]}}],"collection":[{"href":"https:\/\/www.elsindical.com.ar\/notas\/wp-json\/wp\/v2\/posts"}],"about":[{"href":"https:\/\/www.elsindical.com.ar\/notas\/wp-json\/wp\/v2\/types\/post"}],"author":[{"embeddable":true,"href":"https:\/\/www.elsindical.com.ar\/notas\/wp-json\/wp\/v2\/users\/1"}],"replies":[{"embeddable":true,"href":"https:\/\/www.elsindical.com.ar\/notas\/wp-json\/wp\/v2\/comments?post=75852"}],"version-history":[{"count":1,"href":"https:\/\/www.elsindical.com.ar\/notas\/wp-json\/wp\/v2\/posts\/75852\/revisions"}],"predecessor-version":[{"id":75854,"href":"https:\/\/www.elsindical.com.ar\/notas\/wp-json\/wp\/v2\/posts\/75852\/revisions\/75854"}],"wp:featuredmedia":[{"embeddable":true,"href":"https:\/\/www.elsindical.com.ar\/notas\/wp-json\/wp\/v2\/media\/75853"}],"wp:attachment":[{"href":"https:\/\/www.elsindical.com.ar\/notas\/wp-json\/wp\/v2\/media?parent=75852"}],"wp:term":[{"taxonomy":"category","embeddable":true,"href":"https:\/\/www.elsindical.com.ar\/notas\/wp-json\/wp\/v2\/categories?post=75852"},{"taxonomy":"post_tag","embeddable":true,"href":"https:\/\/www.elsindical.com.ar\/notas\/wp-json\/wp\/v2\/tags?post=75852"}],"curies":[{"name":"wp","href":"https:\/\/api.w.org\/{rel}","templated":true}]}}