{"id":75846,"date":"2018-02-08T19:40:11","date_gmt":"2018-02-08T22:40:11","guid":{"rendered":"http:\/\/www.elsindical.com.ar\/notas\/?p=75846"},"modified":"2018-02-08T19:40:11","modified_gmt":"2018-02-08T22:40:11","slug":"mas-de-100-mil-personas-sin-energia-electrica-en-buenos-aires","status":"publish","type":"post","link":"https:\/\/www.elsindical.com.ar\/notas\/mas-de-100-mil-personas-sin-energia-electrica-en-buenos-aires\/","title":{"rendered":"M\u00e1s de 100 mil personas sin energ\u00eda el\u00e9ctrica en Buenos Aires"},"content":{"rendered":"<p><em><a href=\"http:\/\/www.elsindical.com.ar\/notas\/var\/www\/html\/notas\/wp-content\/uploads\/2018\/02\/protesta-cortes-de-luz.jpg\"><img loading=\"lazy\" decoding=\"async\" class=\"alignnone size-medium wp-image-75847\" src=\"http:\/\/www.elsindical.com.ar\/notas\/var\/www\/html\/notas\/wp-content\/uploads\/2018\/02\/protesta-cortes-de-luz-300x171.jpg\" alt=\"\" width=\"300\" height=\"171\" srcset=\"https:\/\/www.elsindical.com.ar\/notas\/var\/www\/html\/notas\/wp-content\/uploads\/2018\/02\/protesta-cortes-de-luz-300x171.jpg 300w, https:\/\/www.elsindical.com.ar\/notas\/var\/www\/html\/notas\/wp-content\/uploads\/2018\/02\/protesta-cortes-de-luz-500x285.jpg 500w, https:\/\/www.elsindical.com.ar\/notas\/var\/www\/html\/notas\/wp-content\/uploads\/2018\/02\/protesta-cortes-de-luz-220x126.jpg 220w, https:\/\/www.elsindical.com.ar\/notas\/var\/www\/html\/notas\/wp-content\/uploads\/2018\/02\/protesta-cortes-de-luz-460x260.jpg 460w, https:\/\/www.elsindical.com.ar\/notas\/var\/www\/html\/notas\/wp-content\/uploads\/2018\/02\/protesta-cortes-de-luz.jpg 642w\" sizes=\"auto, (max-width: 300px) 100vw, 300px\" \/><\/a>\u00a0 A pesar de los aumentos de tarifas, de las condonaciones millonarias del gobierno a las empresas y las promesas de mejoras en el servicio, la realidad es que a diario miles de usuarios sufren cortes de energ\u00eda que en algunos casos duran d\u00edas. Al alternar los cortes, las quejas ante el ENRE se diluyen.<\/em><\/p>\n<p>Desde el gobierno nacional, todas las medidas han beneficiado a las empresas y entorpecido las posibilidades de reclamos de los usuarios. Primero se cacel\u00f3 el call center del Ministerio de Energ\u00eda que funcionaba de forma correcta, quedando solo el 0800 de las empresas que suelen utilizar un disco y autogesti\u00f3n, adem\u00e1s del 0800 del ENRE donde las posibilidades de ser atendido son casi nulas.<\/p>\n<p>Seg\u00fan datos del Ente Nacional de Regulaci\u00f3n de la Electricidad (ENRE), la empresa Edesur inform\u00f3 que este mi\u00e9rcoles en Lomas de Zamora, Lan\u00fas, Avellaneda, Almirante Brown y Esteban Echeverr\u00eda tuvieron cortes de luz de una importante duraci\u00f3n un total de 23.298 usurios\/viviendas.<\/p>\n<p>Si ese n\u00famero se lo multiplica por 4 para tomar un promedio de familia tipo, la cantidad de personas afectadas asciende a 93.152., n\u00famero que no refleja aquellos que por falta de luz no pueden hacer los reclamos.<\/p>\n<p>Este mi\u00e9rcoles por la noche, en Lomas de Zamora una de las zonas m\u00e1s afectadas era la de Banfield Oeste, particularmente Villa Centenario. En el caso de Lan\u00fas, la mayor cantidad de casos se ubicaron en Gerli, Remedios de Escalada y Valent\u00edn Alsina.<\/p>\n<p>En tanto, Burzaco en Brown, Monte Grande en Echeverr\u00eda, y Sarand\u00ed en Avellaneda fueron los otros lugares m\u00e1s golpeados por los cortes en el suministro el\u00e9ctrico en el sur del Gran Buenos Aires.<\/p>\n<p>Los vecinos afectados descargaron su bronca y volvieron a denunciar la falta de respuestas de la empresa Edesur, a trav\u00e9s de las rede sociales.<\/p>\n<p>&nbsp;<\/p>\n","protected":false},"excerpt":{"rendered":"<p>\u00a0 A pesar de los aumentos de tarifas, de las condonaciones millonarias del gobierno a las empresas y las promesas de mejoras en el servicio, la realidad es que a diario miles de usuarios sufren cortes de energ\u00eda que en algunos casos duran d\u00edas. Al alternar los cortes, las quejas ante el ENRE se diluyen.&hellip;<\/p>\n","protected":false},"author":1,"featured_media":75847,"comment_status":"open","ping_status":"open","sticky":false,"template":"","format":"standard","meta":{"footnotes":""},"categories":[25],"tags":[2973,374,3764,761,376],"class_list":["post-75846","post","type-post","status-publish","format-standard","has-post-thumbnail","hentry","category-sociedad","tag-edenor","tag-edesur","tag-enre","tag-gobierno-nacional","tag-usuarios"],"_links":{"self":[{"href":"https:\/\/www.elsindical.com.ar\/notas\/wp-json\/wp\/v2\/posts\/75846","targetHints":{"allow":["GET"]}}],"collection":[{"href":"https:\/\/www.elsindical.com.ar\/notas\/wp-json\/wp\/v2\/posts"}],"about":[{"href":"https:\/\/www.elsindical.com.ar\/notas\/wp-json\/wp\/v2\/types\/post"}],"author":[{"embeddable":true,"href":"https:\/\/www.elsindical.com.ar\/notas\/wp-json\/wp\/v2\/users\/1"}],"replies":[{"embeddable":true,"href":"https:\/\/www.elsindical.com.ar\/notas\/wp-json\/wp\/v2\/comments?post=75846"}],"version-history":[{"count":1,"href":"https:\/\/www.elsindical.com.ar\/notas\/wp-json\/wp\/v2\/posts\/75846\/revisions"}],"predecessor-version":[{"id":75848,"href":"https:\/\/www.elsindical.com.ar\/notas\/wp-json\/wp\/v2\/posts\/75846\/revisions\/75848"}],"wp:featuredmedia":[{"embeddable":true,"href":"https:\/\/www.elsindical.com.ar\/notas\/wp-json\/wp\/v2\/media\/75847"}],"wp:attachment":[{"href":"https:\/\/www.elsindical.com.ar\/notas\/wp-json\/wp\/v2\/media?parent=75846"}],"wp:term":[{"taxonomy":"category","embeddable":true,"href":"https:\/\/www.elsindical.com.ar\/notas\/wp-json\/wp\/v2\/categories?post=75846"},{"taxonomy":"post_tag","embeddable":true,"href":"https:\/\/www.elsindical.com.ar\/notas\/wp-json\/wp\/v2\/tags?post=75846"}],"curies":[{"name":"wp","href":"https:\/\/api.w.org\/{rel}","templated":true}]}}