{"id":75776,"date":"2018-02-05T16:53:21","date_gmt":"2018-02-05T19:53:21","guid":{"rendered":"http:\/\/www.elsindical.com.ar\/notas\/?p=75776"},"modified":"2018-02-05T16:53:21","modified_gmt":"2018-02-05T19:53:21","slug":"la-matanza-desbaratan-la-banda-de-lucho-dedicada-a-la-venta-de-drogas","status":"publish","type":"post","link":"https:\/\/www.elsindical.com.ar\/notas\/la-matanza-desbaratan-la-banda-de-lucho-dedicada-a-la-venta-de-drogas\/","title":{"rendered":"La Matanza: Desbaratan la banda de \u00abLucho\u00bb dedicada a la venta de drogas"},"content":{"rendered":"<p><em><a href=\"http:\/\/www.elsindical.com.ar\/notas\/var\/www\/html\/notas\/wp-content\/uploads\/2018\/02\/allanamiento-la-banda-de-Lucho.jpg\"><img loading=\"lazy\" decoding=\"async\" class=\"alignnone size-medium wp-image-75777\" src=\"http:\/\/www.elsindical.com.ar\/notas\/var\/www\/html\/notas\/wp-content\/uploads\/2018\/02\/allanamiento-la-banda-de-Lucho-300x169.jpg\" alt=\"\" width=\"300\" height=\"169\" srcset=\"https:\/\/www.elsindical.com.ar\/notas\/var\/www\/html\/notas\/wp-content\/uploads\/2018\/02\/allanamiento-la-banda-de-Lucho-300x169.jpg 300w, https:\/\/www.elsindical.com.ar\/notas\/var\/www\/html\/notas\/wp-content\/uploads\/2018\/02\/allanamiento-la-banda-de-Lucho-768x432.jpg 768w, https:\/\/www.elsindical.com.ar\/notas\/var\/www\/html\/notas\/wp-content\/uploads\/2018\/02\/allanamiento-la-banda-de-Lucho-500x281.jpg 500w, https:\/\/www.elsindical.com.ar\/notas\/var\/www\/html\/notas\/wp-content\/uploads\/2018\/02\/allanamiento-la-banda-de-Lucho-460x260.jpg 460w, https:\/\/www.elsindical.com.ar\/notas\/var\/www\/html\/notas\/wp-content\/uploads\/2018\/02\/allanamiento-la-banda-de-Lucho.jpg 970w\" sizes=\"auto, (max-width: 300px) 100vw, 300px\" \/><\/a>\u00a0 La banda as\u00ed denominada, operaba en la localidad bonaerense de La Matanza y en dos bunkers guardaban los estupefacientes. Luego, usaban mascaras para indicar que la droga ya estaba a la venta.<\/em><\/p>\n<p>Una banda de narcotraficantes liderada por un sujeto apodado <em>Lucho<\/em>, vend\u00eda\u00a0estupefacientes en diversas regiones de Virrey del Pino, partido de La Matanza.<\/p>\n<p>Para hacer las transacciones utilizaban m\u00e1scaras de brujas y pelucas, pero fueron desbaratados luego de una serie de allanamientos realizados por la Polic\u00eda de la Provincia de Buenos Aires.<\/p>\n<p>Los operativos estuvieron a cargo de oficiales pertenecientes a la Departamental La Matanza, quienes detuvieron a doce personas, entre ellas a su l\u00edder, y secuestraron 12 de panes de coca\u00edna, 10 panes de marihuana, m\u00e1s de 1600 dosis de paco, cuatro armas de fuego, dos chalecos antibalas, municiones, cerca de 100 mil pesos, balanzas de precisi\u00f3n y\u00a0elementos de corte y fraccionamiento.<\/p>\n<p>Adem\u00e1s, en uno de los domicilios secuestraron precursores qu\u00edmicos propios de una cocina de paco.<\/p>\n<p>Seg\u00fan indicaron las autoridades, la organizaci\u00f3n conocida como \u00abLas brujas de Lucho\u00bb, operaba en la zona sur de La Matanza, cerca de la ruta 3,\u00a0a la vera del r\u00edo, y vend\u00edan los estupefacientes en dos bunkers de droga y al menudeo en la calle.<\/p>\n<p><em>\u00abLos detenidos vend\u00edan paco, coca\u00edna y marihuana y utilizaban el r\u00edo Matanza para evadir los operativos policiales y pasarse en bote a la localidad de Ezeiza, donde tambi\u00e9n comercializaban la droga<\/em>, indic\u00f3 un alto jefe policial a cargo de los operativos quien aclar\u00f3 que <em>\u00aben uno de los domicilios hab\u00edan montado una cocina de paco\u00bb<\/em>.<\/p>\n<p>Los integrantes de la organizaci\u00f3n respond\u00edan a un sujeto conocido como <em>Lucho<\/em>, que tiene frondosos antecedentes por venta de estupefacientes.<\/p>\n<p>El l\u00edder narco reclutaba hombres y mujeres de la zona para que comercialicen los estupefacientes y est\u00e9n a cargo de los bunkers de droga. Entre los detenidos hay varias personas de nacionalidad paraguaya con irregularidad de papeles, por ello la Polic\u00eda trabaj\u00f3 en conjunto con Migraciones.<\/p>\n<p>A partir de una amplia investigaci\u00f3n, que comenz\u00f3 en el mes de noviembre del a\u00f1o pasado y que implic\u00f3 toma de placas fotogr\u00e1ficas, filmaciones, vistas a\u00e9reas y vigilancia encubierta, los pesquisas lograron identificar los principales puntos de venta y a los responsables de la actividad il\u00edcita y, con aval de la justicia, montaron los operativos que permitieron las respectivas capturas.<\/p>\n<p>Los doce detenidos, entre ellos <em>Lucho<\/em>, quedaron a disposici\u00f3n del Juzgado Federal N\u00b0 03.<\/p>\n<p><iframe loading=\"lazy\" src=\"https:\/\/www.youtube.com\/embed\/gRuz3KNT9fg\" width=\"580\" height=\"420\" frameborder=\"0\" allowfullscreen=\"allowfullscreen\"><span style=\"display: inline-block; width: 0px; overflow: hidden; line-height: 0;\" data-mce-type=\"bookmark\" class=\"mce_SELRES_start\">\ufeff<\/span><\/iframe><\/p>\n","protected":false},"excerpt":{"rendered":"<p>\u00a0 La banda as\u00ed denominada, operaba en la localidad bonaerense de La Matanza y en dos bunkers guardaban los estupefacientes. Luego, usaban mascaras para indicar que la droga ya estaba a la venta. Una banda de narcotraficantes liderada por un sujeto apodado Lucho, vend\u00eda\u00a0estupefacientes en diversas regiones de Virrey del Pino, partido de La Matanza.&hellip;<\/p>\n","protected":false},"author":1,"featured_media":75777,"comment_status":"open","ping_status":"open","sticky":false,"template":"","format":"standard","meta":{"footnotes":""},"categories":[22],"tags":[138,28214,43,1401,664,6949],"class_list":["post-75776","post","type-post","status-publish","format-standard","has-post-thumbnail","hentry","category-policiales","tag-allanamiento","tag-banda-de-lucho","tag-cocaina","tag-la-matanza","tag-marihuana","tag-virrey-del-pino"],"_links":{"self":[{"href":"https:\/\/www.elsindical.com.ar\/notas\/wp-json\/wp\/v2\/posts\/75776","targetHints":{"allow":["GET"]}}],"collection":[{"href":"https:\/\/www.elsindical.com.ar\/notas\/wp-json\/wp\/v2\/posts"}],"about":[{"href":"https:\/\/www.elsindical.com.ar\/notas\/wp-json\/wp\/v2\/types\/post"}],"author":[{"embeddable":true,"href":"https:\/\/www.elsindical.com.ar\/notas\/wp-json\/wp\/v2\/users\/1"}],"replies":[{"embeddable":true,"href":"https:\/\/www.elsindical.com.ar\/notas\/wp-json\/wp\/v2\/comments?post=75776"}],"version-history":[{"count":1,"href":"https:\/\/www.elsindical.com.ar\/notas\/wp-json\/wp\/v2\/posts\/75776\/revisions"}],"predecessor-version":[{"id":75778,"href":"https:\/\/www.elsindical.com.ar\/notas\/wp-json\/wp\/v2\/posts\/75776\/revisions\/75778"}],"wp:featuredmedia":[{"embeddable":true,"href":"https:\/\/www.elsindical.com.ar\/notas\/wp-json\/wp\/v2\/media\/75777"}],"wp:attachment":[{"href":"https:\/\/www.elsindical.com.ar\/notas\/wp-json\/wp\/v2\/media?parent=75776"}],"wp:term":[{"taxonomy":"category","embeddable":true,"href":"https:\/\/www.elsindical.com.ar\/notas\/wp-json\/wp\/v2\/categories?post=75776"},{"taxonomy":"post_tag","embeddable":true,"href":"https:\/\/www.elsindical.com.ar\/notas\/wp-json\/wp\/v2\/tags?post=75776"}],"curies":[{"name":"wp","href":"https:\/\/api.w.org\/{rel}","templated":true}]}}