{"id":75762,"date":"2018-02-05T09:07:31","date_gmt":"2018-02-05T12:07:31","guid":{"rendered":"http:\/\/www.elsindical.com.ar\/notas\/?p=75762"},"modified":"2018-02-05T09:07:31","modified_gmt":"2018-02-05T12:07:31","slug":"lomas-de-zamora-la-madre-de-anahi-denuncia-demoras-y-acusa-hay-policias-involucrados","status":"publish","type":"post","link":"https:\/\/www.elsindical.com.ar\/notas\/lomas-de-zamora-la-madre-de-anahi-denuncia-demoras-y-acusa-hay-policias-involucrados\/","title":{"rendered":"Lomas de Zamora: La madre de Anah\u00ed denuncia demoras y acusa hay polic\u00edas involucrados"},"content":{"rendered":"<p><em>\u00a0<a href=\"http:\/\/www.elsindical.com.ar\/notas\/var\/www\/html\/notas\/wp-content\/uploads\/2018\/02\/Silvia-P\u00e9rez-marcha-por-Anah\u00ed.jpg\"><img loading=\"lazy\" decoding=\"async\" class=\"alignnone size-medium wp-image-75763\" src=\"http:\/\/www.elsindical.com.ar\/notas\/var\/www\/html\/notas\/wp-content\/uploads\/2018\/02\/Silvia-P\u00e9rez-marcha-por-Anah\u00ed-300x141.jpg\" alt=\"\" width=\"300\" height=\"141\" srcset=\"https:\/\/www.elsindical.com.ar\/notas\/var\/www\/html\/notas\/wp-content\/uploads\/2018\/02\/Silvia-P\u00e9rez-marcha-por-Anah\u00ed-300x141.jpg 300w, https:\/\/www.elsindical.com.ar\/notas\/var\/www\/html\/notas\/wp-content\/uploads\/2018\/02\/Silvia-P\u00e9rez-marcha-por-Anah\u00ed-500x234.jpg 500w, https:\/\/www.elsindical.com.ar\/notas\/var\/www\/html\/notas\/wp-content\/uploads\/2018\/02\/Silvia-P\u00e9rez-marcha-por-Anah\u00ed.jpg 640w\" sizes=\"auto, (max-width: 300px) 100vw, 300px\" \/><\/a>\u00a0 El pasado 3 de febrero, se realiz\u00f3 en Lomas de Zamora una nueva marcha para pedir justicia por Anah\u00eda a seis meses de su curel asesinato, en dicha marcha, Silvia P\u00e9rez su madre, reclam\u00f3 mayor celeridad y advirti\u00f3 que hay polic\u00edas involucrados en demorar y entorpecer la investigaci\u00f3n.<\/em><\/p>\n<p>Silvia P\u00e9rez, insisti\u00f3 en que hay m\u00e1s personas involucradas en el crimen, adem\u00e1s de Marcelo Villalba y Marcos Baz\u00e1n. \u201cAc\u00e1 no hay ning\u00fan perejil detenido\u201d, sentenci\u00f3.<\/p>\n<p>Confi\u00f3 en que durante los pr\u00f3ximos d\u00edas se realicen las pericias necesarias para la detenci\u00f3n de, al menos, una persona m\u00e1s. \u201cSe abrieron nuevas pistas a ra\u00edz de la declaraci\u00f3n de testigos protegidos. Dependemos mucho de las pericias, que en enero est\u00e1n muy trabadas por falta de personal, pero la informaci\u00f3n est\u00e1 y los nombres est\u00e1n. Hay m\u00e1s gente involucrada, como yo lo dije desde un principio\u201d, cont\u00f3.<\/p>\n<p>Advirti\u00f3 que habr\u00eda personal policial involucrado en el caso. \u201cCreo que hay gente de la fuerza involucrada tambi\u00e9n, porque algunos han sido separados y sumariados\u201d, explic\u00f3, pero aclar\u00f3 que desconoce la cantidad de efectivos sospechados y cu\u00e1l es la acusaci\u00f3n.<\/p>\n<p>Coment\u00f3 que \u201chay nuevos lugares, veh\u00edculos y nuevas pistas\u201d en la investigaci\u00f3n, que se suman a los \u201c11 allanamientos que se hicieron\u201d.<\/p>\n<p>Respecto a la causa, plante\u00f3 algunas irregularidades: \u201cEl tel\u00e9fono de Anah\u00ed, despu\u00e9s de seis meses, nadie lo pudo desbloquear y eso es algo que no puedo entender\u201d. \u201cPresent\u00e9 un perito para desbloquearlo hace m\u00e1s de 10 d\u00edas pero todav\u00eda no me contestaron si lo autorizan o no\u201d, apunt\u00f3.<\/p>\n<p>\u201cEso me indica que hubo un nexo, alguien que la llam\u00f3 o alguien que est\u00e1 complicado por ese tel\u00e9fono y que borr\u00f3 los datos, o no los deja ver. Pas\u00f3 por la Gendarmer\u00eda, por la AFI, y yo tengo informaci\u00f3n cero del tel\u00e9fono. Eso me resulta muy sospechoso\u201d, plante\u00f3 la mujer que el s\u00e1bado particip\u00f3 de la movilizaci\u00f3n convocada por los compa\u00f1eros y amigos de la joven.<\/p>\n","protected":false},"excerpt":{"rendered":"<p>\u00a0\u00a0 El pasado 3 de febrero, se realiz\u00f3 en Lomas de Zamora una nueva marcha para pedir justicia por Anah\u00eda a seis meses de su curel asesinato, en dicha marcha, Silvia P\u00e9rez su madre, reclam\u00f3 mayor celeridad y advirti\u00f3 que hay polic\u00edas involucrados en demorar y entorpecer la investigaci\u00f3n. Silvia P\u00e9rez, insisti\u00f3 en que hay&hellip;<\/p>\n","protected":false},"author":1,"featured_media":75763,"comment_status":"open","ping_status":"open","sticky":false,"template":"","format":"standard","meta":{"footnotes":""},"categories":[25],"tags":[20772,26701,744,118,28208],"class_list":["post-75762","post","type-post","status-publish","format-standard","has-post-thumbnail","hentry","category-sociedad","tag-afi","tag-anahi-benitez","tag-lomas-de-zamora","tag-policias","tag-silvia-perez"],"_links":{"self":[{"href":"https:\/\/www.elsindical.com.ar\/notas\/wp-json\/wp\/v2\/posts\/75762","targetHints":{"allow":["GET"]}}],"collection":[{"href":"https:\/\/www.elsindical.com.ar\/notas\/wp-json\/wp\/v2\/posts"}],"about":[{"href":"https:\/\/www.elsindical.com.ar\/notas\/wp-json\/wp\/v2\/types\/post"}],"author":[{"embeddable":true,"href":"https:\/\/www.elsindical.com.ar\/notas\/wp-json\/wp\/v2\/users\/1"}],"replies":[{"embeddable":true,"href":"https:\/\/www.elsindical.com.ar\/notas\/wp-json\/wp\/v2\/comments?post=75762"}],"version-history":[{"count":1,"href":"https:\/\/www.elsindical.com.ar\/notas\/wp-json\/wp\/v2\/posts\/75762\/revisions"}],"predecessor-version":[{"id":75764,"href":"https:\/\/www.elsindical.com.ar\/notas\/wp-json\/wp\/v2\/posts\/75762\/revisions\/75764"}],"wp:featuredmedia":[{"embeddable":true,"href":"https:\/\/www.elsindical.com.ar\/notas\/wp-json\/wp\/v2\/media\/75763"}],"wp:attachment":[{"href":"https:\/\/www.elsindical.com.ar\/notas\/wp-json\/wp\/v2\/media?parent=75762"}],"wp:term":[{"taxonomy":"category","embeddable":true,"href":"https:\/\/www.elsindical.com.ar\/notas\/wp-json\/wp\/v2\/categories?post=75762"},{"taxonomy":"post_tag","embeddable":true,"href":"https:\/\/www.elsindical.com.ar\/notas\/wp-json\/wp\/v2\/tags?post=75762"}],"curies":[{"name":"wp","href":"https:\/\/api.w.org\/{rel}","templated":true}]}}