{"id":75690,"date":"2018-01-31T09:25:05","date_gmt":"2018-01-31T12:25:05","guid":{"rendered":"http:\/\/www.elsindical.com.ar\/notas\/?p=75690"},"modified":"2018-01-31T09:25:05","modified_gmt":"2018-01-31T12:25:05","slug":"balvanera-asesinan-a-comerciante-chino","status":"publish","type":"post","link":"https:\/\/www.elsindical.com.ar\/notas\/balvanera-asesinan-a-comerciante-chino\/","title":{"rendered":"Balvanera: Asesinan a comerciante chino"},"content":{"rendered":"<p><em>\u00a0<a href=\"http:\/\/www.elsindical.com.ar\/notas\/var\/www\/html\/notas\/wp-content\/uploads\/2018\/01\/asesinato-comerciante-chino-Balvanera.jpg\"><img loading=\"lazy\" decoding=\"async\" class=\"alignnone size-medium wp-image-75691\" src=\"http:\/\/www.elsindical.com.ar\/notas\/var\/www\/html\/notas\/wp-content\/uploads\/2018\/01\/asesinato-comerciante-chino-Balvanera-300x169.jpg\" alt=\"\" width=\"300\" height=\"169\" srcset=\"https:\/\/www.elsindical.com.ar\/notas\/var\/www\/html\/notas\/wp-content\/uploads\/2018\/01\/asesinato-comerciante-chino-Balvanera-300x169.jpg 300w, https:\/\/www.elsindical.com.ar\/notas\/var\/www\/html\/notas\/wp-content\/uploads\/2018\/01\/asesinato-comerciante-chino-Balvanera-768x432.jpg 768w, https:\/\/www.elsindical.com.ar\/notas\/var\/www\/html\/notas\/wp-content\/uploads\/2018\/01\/asesinato-comerciante-chino-Balvanera-500x281.jpg 500w, https:\/\/www.elsindical.com.ar\/notas\/var\/www\/html\/notas\/wp-content\/uploads\/2018\/01\/asesinato-comerciante-chino-Balvanera-460x260.jpg 460w, https:\/\/www.elsindical.com.ar\/notas\/var\/www\/html\/notas\/wp-content\/uploads\/2018\/01\/asesinato-comerciante-chino-Balvanera.jpg 970w\" sizes=\"auto, (max-width: 300px) 100vw, 300px\" \/><\/a> El suceso ocurri\u00f3 en Alsina y Pasco y una chica menor de edad, que caminaba por la vereda en el momento del ataque, result\u00f3 herida.<\/em><\/p>\n<p>Un comerciante de nacionalidad china fue salvajemente asesinado a balazos este martes por la noche, en un ataque perpetrado en la puerta del negocio que regenteaba, en el barrio porte\u00f1o de Balvanera.<\/p>\n<p>El sangriento episodio ocurri\u00f3 pasadas las 21:30 en el supermercado chino \u00abHorizonte\u00bb, situado en Adolfo Alsina 2216, a pasos de su cruce con Pasco, frente a la Plaza 1\u00ba de Mayo.<\/p>\n<p>De acuerdo a lo que contaron los vecinos, varios sujetos descendieron de una camioneta blanca y atacaron a tiros al chino que atend\u00eda el comercio.<\/p>\n<p>Siete vainas servidas quedaron en la vereda del negocio, lo que patentiza el nivel de agresividad de los malvivientes. El cuerpo sin vida de la v\u00edctima fatal, apareci\u00f3 a 45 metros de la puerta del local, sobre la calle Pasco.<\/p>\n<p>En el momento de producirse el ataque, una chica menor de edad que caminaba junto con su madre por la vereda de Alsina, fue alcanzada por uno de los proyectiles y trasladada de inmediato al Hospital Ramos Mej\u00eda, situado a pocas cuadras del lugar. Seg\u00fan el uniformado que estaba de consigna en el supermercado, la ni\u00f1a est\u00e1 <em>\u00abfuera de peligro\u00bb<\/em> alojada en ese nosocomio.<\/p>\n<p>Los efectivos de la seccional 6\u00aa de la Polic\u00eda de la Ciudad, visiblemente nerviosos, evitaron dar ninguna informaci\u00f3n y entorpecieron la labor del cronista de este diario, con frases como <em>\u00abcontamin\u00e1s la escena del crimen\u00bb<\/em>, pese a que est\u00e1bamos a m\u00e1s de 50 metros del lugar y <em>\u00abtom\u00e1telas de ac\u00e1 flaquito porque te rompo la cabeza\u00bb.<\/em><\/p>\n<p>Los habitantes del lugar denunciaron la creciente inseguridad en la zona y no descartaron, empero, que se haya tratado de un hecho m\u00e1s vinculado a la mafia de ese pa\u00eds oriental.<\/p>\n<p>Hace dos semanas, y a pocas cuadras de all\u00ed, otra comerciante china fue baleada en confusas circunstancias, en el supermercado situado en Combate de los Pozos al 600, a metros de la esquina de la calle Chile.<\/p>\n<p><a href=\"http:\/\/www.elsindical.com.ar\/notas\/var\/www\/html\/notas\/wp-content\/uploads\/2018\/01\/disparos-asesinato-comerciante-chino.jpg\"><img loading=\"lazy\" decoding=\"async\" class=\"alignnone size-medium wp-image-75692\" src=\"http:\/\/www.elsindical.com.ar\/notas\/var\/www\/html\/notas\/wp-content\/uploads\/2018\/01\/disparos-asesinato-comerciante-chino-300x169.jpg\" alt=\"\" width=\"300\" height=\"169\" srcset=\"https:\/\/www.elsindical.com.ar\/notas\/var\/www\/html\/notas\/wp-content\/uploads\/2018\/01\/disparos-asesinato-comerciante-chino-300x169.jpg 300w, https:\/\/www.elsindical.com.ar\/notas\/var\/www\/html\/notas\/wp-content\/uploads\/2018\/01\/disparos-asesinato-comerciante-chino-768x432.jpg 768w, https:\/\/www.elsindical.com.ar\/notas\/var\/www\/html\/notas\/wp-content\/uploads\/2018\/01\/disparos-asesinato-comerciante-chino-500x281.jpg 500w, https:\/\/www.elsindical.com.ar\/notas\/var\/www\/html\/notas\/wp-content\/uploads\/2018\/01\/disparos-asesinato-comerciante-chino-460x260.jpg 460w, https:\/\/www.elsindical.com.ar\/notas\/var\/www\/html\/notas\/wp-content\/uploads\/2018\/01\/disparos-asesinato-comerciante-chino.jpg 970w\" sizes=\"auto, (max-width: 300px) 100vw, 300px\" \/><\/a><\/p>\n","protected":false},"excerpt":{"rendered":"<p>\u00a0 El suceso ocurri\u00f3 en Alsina y Pasco y una chica menor de edad, que caminaba por la vereda en el momento del ataque, result\u00f3 herida. Un comerciante de nacionalidad china fue salvajemente asesinado a balazos este martes por la noche, en un ataque perpetrado en la puerta del negocio que regenteaba, en el barrio&hellip;<\/p>\n","protected":false},"author":1,"featured_media":75691,"comment_status":"open","ping_status":"open","sticky":false,"template":"","format":"standard","meta":{"footnotes":""},"categories":[22],"tags":[363,3487,1608,24537],"class_list":["post-75690","post","type-post","status-publish","format-standard","has-post-thumbnail","hentry","category-policiales","tag-asesinato","tag-balvanera","tag-chino","tag-policia-de-la-ciudad"],"_links":{"self":[{"href":"https:\/\/www.elsindical.com.ar\/notas\/wp-json\/wp\/v2\/posts\/75690","targetHints":{"allow":["GET"]}}],"collection":[{"href":"https:\/\/www.elsindical.com.ar\/notas\/wp-json\/wp\/v2\/posts"}],"about":[{"href":"https:\/\/www.elsindical.com.ar\/notas\/wp-json\/wp\/v2\/types\/post"}],"author":[{"embeddable":true,"href":"https:\/\/www.elsindical.com.ar\/notas\/wp-json\/wp\/v2\/users\/1"}],"replies":[{"embeddable":true,"href":"https:\/\/www.elsindical.com.ar\/notas\/wp-json\/wp\/v2\/comments?post=75690"}],"version-history":[{"count":1,"href":"https:\/\/www.elsindical.com.ar\/notas\/wp-json\/wp\/v2\/posts\/75690\/revisions"}],"predecessor-version":[{"id":75693,"href":"https:\/\/www.elsindical.com.ar\/notas\/wp-json\/wp\/v2\/posts\/75690\/revisions\/75693"}],"wp:featuredmedia":[{"embeddable":true,"href":"https:\/\/www.elsindical.com.ar\/notas\/wp-json\/wp\/v2\/media\/75691"}],"wp:attachment":[{"href":"https:\/\/www.elsindical.com.ar\/notas\/wp-json\/wp\/v2\/media?parent=75690"}],"wp:term":[{"taxonomy":"category","embeddable":true,"href":"https:\/\/www.elsindical.com.ar\/notas\/wp-json\/wp\/v2\/categories?post=75690"},{"taxonomy":"post_tag","embeddable":true,"href":"https:\/\/www.elsindical.com.ar\/notas\/wp-json\/wp\/v2\/tags?post=75690"}],"curies":[{"name":"wp","href":"https:\/\/api.w.org\/{rel}","templated":true}]}}