{"id":75587,"date":"2018-01-25T16:46:59","date_gmt":"2018-01-25T19:46:59","guid":{"rendered":"http:\/\/www.elsindical.com.ar\/notas\/?p=75587"},"modified":"2018-01-25T16:46:59","modified_gmt":"2018-01-25T19:46:59","slug":"para-el-fmi-la-inflacion-de-argentina-seguira-a-la-baja-solo-si-hay-moderacion-salarial","status":"publish","type":"post","link":"https:\/\/www.elsindical.com.ar\/notas\/para-el-fmi-la-inflacion-de-argentina-seguira-a-la-baja-solo-si-hay-moderacion-salarial\/","title":{"rendered":"Para el FMI, la inflaci\u00f3n de Argentina seguir\u00e1 a la baja s\u00f3lo si hay \u00abmoderaci\u00f3n salarial\u00bb"},"content":{"rendered":"<p><em><span class=\"text description col-xs-8 col-lg-9\">\u00a0 <a href=\"http:\/\/www.elsindical.com.ar\/notas\/var\/www\/html\/notas\/wp-content\/uploads\/2018\/01\/FMI-2018.jpg\"><img loading=\"lazy\" decoding=\"async\" class=\"alignnone size-medium wp-image-75588\" src=\"http:\/\/www.elsindical.com.ar\/notas\/var\/www\/html\/notas\/wp-content\/uploads\/2018\/01\/FMI-2018-300x211.jpg\" alt=\"\" width=\"300\" height=\"211\" srcset=\"https:\/\/www.elsindical.com.ar\/notas\/var\/www\/html\/notas\/wp-content\/uploads\/2018\/01\/FMI-2018-300x211.jpg 300w, https:\/\/www.elsindical.com.ar\/notas\/var\/www\/html\/notas\/wp-content\/uploads\/2018\/01\/FMI-2018-768x540.jpg 768w, https:\/\/www.elsindical.com.ar\/notas\/var\/www\/html\/notas\/wp-content\/uploads\/2018\/01\/FMI-2018-1024x719.jpg 1024w, https:\/\/www.elsindical.com.ar\/notas\/var\/www\/html\/notas\/wp-content\/uploads\/2018\/01\/FMI-2018-427x300.jpg 427w, https:\/\/www.elsindical.com.ar\/notas\/var\/www\/html\/notas\/wp-content\/uploads\/2018\/01\/FMI-2018.jpg 1170w\" sizes=\"auto, (max-width: 300px) 100vw, 300px\" \/><\/a>Adem\u00e1s, evalu\u00f3 que el pa\u00eds creci\u00f3 2,8% en 2017 y lo har\u00e1 un poco menos este a\u00f1o, a 2,5%. Las proyecciones sobre la econom\u00eda argentina que el Fondo difundi\u00f3 son similares a las que hab\u00eda informado en diciembre \u00faltimo.<\/span><\/em><\/p>\n<p>La inflaci\u00f3n argentina \u00abseguir\u00eda retrocediendo si hay una moderaci\u00f3n salarial\u00bb, estim\u00f3 el FMI, que a la vez evalu\u00f3 que el pa\u00eds creci\u00f3 2,8% en 2017 y lo har\u00e1 un poco menos este a\u00f1o, a 2,5%.<\/p>\n<p>El director del Departamento del Hemisferio Occidental del Fondo Monetario, Alejandro Werner, evalu\u00f3 que \u00abel consumo se benefici\u00f3 del avance de los salarios reales, la inversi\u00f3n tambi\u00e9n se aceler\u00f3, incluso en el sector privado, por lo que se espera que el a\u00f1o pasado termine con una expansi\u00f3n de 2,8%\u00bb.<\/p>\n<p>Las proyecciones sobre la econom\u00eda argentina que el Fondo difundi\u00f3 este jueves desde Washington son similares a las que hab\u00eda informado en diciembre \u00faltimo.<\/p>\n<p>Para 2019, el crecimiento argentino volver\u00e1 a ser similar al de 2017, seg\u00fan las estimaciones del FMI.<\/p>\n<p>Werner tambi\u00e9n hizo referencia al d\u00e9ficit fiscal primario: consider\u00f3 que \u00abdeber\u00eda contribuir a contener las presiones de apreciaci\u00f3n del peso y el deterioro de la cuenta corriente\u00bb.<\/p>\n<p>Por otra parte, el Fondo Monetario estim\u00f3 que para el Brasil &#8211; principal socio comercial de la Argentina- \u00abhemos revisado al alza significativamente el pron\u00f3stico de crecimiento\u00bb: para este a\u00f1o, 1,9% y un 2,1% en 2019, tras el 1,1% de 2017.<\/p>\n<p>En tanto, para la regi\u00f3n, indic\u00f3 que \u00abfavorecida por la mejora del entorno mundial, la recuperaci\u00f3n econ\u00f3mica de Am\u00e9rica Latina tambi\u00e9n est\u00e1 cobrando \u00edmpetu, a medida que las recesiones de algunos pa\u00edses (Brasil, Argentina y Ecuador) llegan a su fin\u00bb.<\/p>\n<p>Por ese motivo, proyect\u00f3 un crecimiento regional de 1,3% en 2017, de 1,9% en 2018 y 2,6% en 2019.<\/p>\n<p>\u00abLas tendencias recientes de la econom\u00eda mundial y de los mercados financieros son buenas noticias para Am\u00e9rica Latina\u00bb, resalt\u00f3 Werner.<\/p>\n<p>Sin embargo, el FMI fue contundente con Venezuela: vaticin\u00f3 que este a\u00f1o sufrir\u00e1 un retroceso del 15% y una inflaci\u00f3n de hasta 13.000%.<\/p>\n","protected":false},"excerpt":{"rendered":"<p>\u00a0 Adem\u00e1s, evalu\u00f3 que el pa\u00eds creci\u00f3 2,8% en 2017 y lo har\u00e1 un poco menos este a\u00f1o, a 2,5%. Las proyecciones sobre la econom\u00eda argentina que el Fondo difundi\u00f3 son similares a las que hab\u00eda informado en diciembre \u00faltimo. La inflaci\u00f3n argentina \u00abseguir\u00eda retrocediendo si hay una moderaci\u00f3n salarial\u00bb, estim\u00f3 el FMI, que a&hellip;<\/p>\n","protected":false},"author":1,"featured_media":75588,"comment_status":"open","ping_status":"open","sticky":false,"template":"","format":"standard","meta":{"footnotes":""},"categories":[9],"tags":[127,22023,6925,803],"class_list":["post-75587","post","type-post","status-publish","format-standard","has-post-thumbnail","hentry","category-economia","tag-argentina","tag-economia","tag-fmi","tag-salarios"],"_links":{"self":[{"href":"https:\/\/www.elsindical.com.ar\/notas\/wp-json\/wp\/v2\/posts\/75587","targetHints":{"allow":["GET"]}}],"collection":[{"href":"https:\/\/www.elsindical.com.ar\/notas\/wp-json\/wp\/v2\/posts"}],"about":[{"href":"https:\/\/www.elsindical.com.ar\/notas\/wp-json\/wp\/v2\/types\/post"}],"author":[{"embeddable":true,"href":"https:\/\/www.elsindical.com.ar\/notas\/wp-json\/wp\/v2\/users\/1"}],"replies":[{"embeddable":true,"href":"https:\/\/www.elsindical.com.ar\/notas\/wp-json\/wp\/v2\/comments?post=75587"}],"version-history":[{"count":1,"href":"https:\/\/www.elsindical.com.ar\/notas\/wp-json\/wp\/v2\/posts\/75587\/revisions"}],"predecessor-version":[{"id":75589,"href":"https:\/\/www.elsindical.com.ar\/notas\/wp-json\/wp\/v2\/posts\/75587\/revisions\/75589"}],"wp:featuredmedia":[{"embeddable":true,"href":"https:\/\/www.elsindical.com.ar\/notas\/wp-json\/wp\/v2\/media\/75588"}],"wp:attachment":[{"href":"https:\/\/www.elsindical.com.ar\/notas\/wp-json\/wp\/v2\/media?parent=75587"}],"wp:term":[{"taxonomy":"category","embeddable":true,"href":"https:\/\/www.elsindical.com.ar\/notas\/wp-json\/wp\/v2\/categories?post=75587"},{"taxonomy":"post_tag","embeddable":true,"href":"https:\/\/www.elsindical.com.ar\/notas\/wp-json\/wp\/v2\/tags?post=75587"}],"curies":[{"name":"wp","href":"https:\/\/api.w.org\/{rel}","templated":true}]}}