{"id":75584,"date":"2018-01-25T16:36:04","date_gmt":"2018-01-25T19:36:04","guid":{"rendered":"http:\/\/www.elsindical.com.ar\/notas\/?p=75584"},"modified":"2018-01-25T16:36:04","modified_gmt":"2018-01-25T19:36:04","slug":"la-matanza-asesinaron-a-punaladas-a-changarin-en-el-mercado-central","status":"publish","type":"post","link":"https:\/\/www.elsindical.com.ar\/notas\/la-matanza-asesinaron-a-punaladas-a-changarin-en-el-mercado-central\/","title":{"rendered":"La Matanza: Asesinaron a pu\u00f1aladas a changar\u00edn en el Mercado Central"},"content":{"rendered":"<p><em><a href=\"http:\/\/www.elsindical.com.ar\/notas\/var\/www\/html\/notas\/wp-content\/uploads\/2018\/01\/Al\u00e1n-Cuenca.jpg\"><img loading=\"lazy\" decoding=\"async\" class=\"alignnone size-medium wp-image-75585\" src=\"http:\/\/www.elsindical.com.ar\/notas\/var\/www\/html\/notas\/wp-content\/uploads\/2018\/01\/Al\u00e1n-Cuenca-300x163.jpg\" alt=\"\" width=\"300\" height=\"163\" srcset=\"https:\/\/www.elsindical.com.ar\/notas\/var\/www\/html\/notas\/wp-content\/uploads\/2018\/01\/Al\u00e1n-Cuenca-300x163.jpg 300w, https:\/\/www.elsindical.com.ar\/notas\/var\/www\/html\/notas\/wp-content\/uploads\/2018\/01\/Al\u00e1n-Cuenca.jpg 480w\" sizes=\"auto, (max-width: 300px) 100vw, 300px\" \/><\/a>\u00a0 El sangriento hecho ocurri\u00f3 cuando varios hombres descargaban un cami\u00f3n con cajones de manzana y se desat\u00f3 una discusi\u00f3n que termin\u00f3 en tragedia.<\/em><\/p>\n<p>Un joven de 29 a\u00f1os fue asesinado a pu\u00f1aladas durante una pelea con un grupo de personas mientras descargaba cajones de manzana en el Mercado Central de Buenos Aires, informaron este jueves fuentes policiales y judiciales.<\/p>\n<p>El hecho ocurri\u00f3 el pasado en el sector frutihort\u00edcola situado en la nave 8, en inmediaciones de las calles Del Riego y De la Hoja, en jurisdicci\u00f3n de Tapiales, partido de La Matanza.<\/p>\n<p>Fuentes policiales informaron que todo comenz\u00f3 cuando varios j\u00f3venes descargaban cajones de manzana y comenz\u00f3 una discusi\u00f3n entre dos grupos que proven\u00edan de Lomas de Zamora y Gonz\u00e1lez Cat\u00e1n.<\/p>\n<p>Ambos bandos se trenzaron a golpes de pu\u00f1o hasta que uno de los hombres extrajo un cuchillo con el que apu\u00f1al\u00f3 a su ocasional rival, identificado como Al\u00e1n Cuenca.<\/p>\n<p>Seg\u00fan las fuentes, el herido fue trasladado a la sala de primeros auxilios Ram\u00f3n Carrillo del Mercado Central, donde muri\u00f3 a ra\u00edz de las lesiones sufridas.<\/p>\n<p>Efectivos de la comisar\u00eda Noreste 5ta. arribaron al lugar tras un llamado al 911 y comenzaron a entrevistarse con los testigos.<\/p>\n<p>El personal estableci\u00f3 que Cuenca, quien viv\u00eda en Gonz\u00e1lez Cat\u00e1n, mantuvo una pelea con al menos cuatro j\u00f3venes, uno de los cuales descart\u00f3 un cuchillo en la zona.<\/p>\n<p>Las fuentes agregaron que ese sospechoso, llamado Jonathan Leandro Leguizam\u00f3n (22), de Lomas de Zamora, fue aprehendido por la polic\u00eda.<\/p>\n<p>Adem\u00e1s, los uniformados tambi\u00e9n secuestraron el arma blanca presuntamente utilizado para cometer el crimen.<\/p>\n<p>El hecho es investigado por el fiscal, Jos\u00e9 Luis Maroto a cargo de la Unidad Funcional de Instrucci\u00f3n (UFI) Tem\u00e1tica Homicidios del Departamento Judicial La Matanza, quien caratul\u00f3 la causa como \u201chomicidio simple\u201d.<\/p>\n<p>Leguizam\u00f3n se neg\u00f3 este jueves a declarar ante el funcionario judicial y continuar\u00e1 detenido por el ataque a Cuenca, a\u00f1adieron las fuentes.<\/p>\n","protected":false},"excerpt":{"rendered":"<p>\u00a0 El sangriento hecho ocurri\u00f3 cuando varios hombres descargaban un cami\u00f3n con cajones de manzana y se desat\u00f3 una discusi\u00f3n que termin\u00f3 en tragedia. Un joven de 29 a\u00f1os fue asesinado a pu\u00f1aladas durante una pelea con un grupo de personas mientras descargaba cajones de manzana en el Mercado Central de Buenos Aires, informaron este&hellip;<\/p>\n","protected":false},"author":1,"featured_media":75585,"comment_status":"open","ping_status":"open","sticky":false,"template":"","format":"standard","meta":{"footnotes":""},"categories":[22],"tags":[28173,3300,1401,28174],"class_list":["post-75584","post","type-post","status-publish","format-standard","has-post-thumbnail","hentry","category-policiales","tag-alan-cuenca","tag-apunalado","tag-la-matanza","tag-tapiales"],"_links":{"self":[{"href":"https:\/\/www.elsindical.com.ar\/notas\/wp-json\/wp\/v2\/posts\/75584","targetHints":{"allow":["GET"]}}],"collection":[{"href":"https:\/\/www.elsindical.com.ar\/notas\/wp-json\/wp\/v2\/posts"}],"about":[{"href":"https:\/\/www.elsindical.com.ar\/notas\/wp-json\/wp\/v2\/types\/post"}],"author":[{"embeddable":true,"href":"https:\/\/www.elsindical.com.ar\/notas\/wp-json\/wp\/v2\/users\/1"}],"replies":[{"embeddable":true,"href":"https:\/\/www.elsindical.com.ar\/notas\/wp-json\/wp\/v2\/comments?post=75584"}],"version-history":[{"count":1,"href":"https:\/\/www.elsindical.com.ar\/notas\/wp-json\/wp\/v2\/posts\/75584\/revisions"}],"predecessor-version":[{"id":75586,"href":"https:\/\/www.elsindical.com.ar\/notas\/wp-json\/wp\/v2\/posts\/75584\/revisions\/75586"}],"wp:featuredmedia":[{"embeddable":true,"href":"https:\/\/www.elsindical.com.ar\/notas\/wp-json\/wp\/v2\/media\/75585"}],"wp:attachment":[{"href":"https:\/\/www.elsindical.com.ar\/notas\/wp-json\/wp\/v2\/media?parent=75584"}],"wp:term":[{"taxonomy":"category","embeddable":true,"href":"https:\/\/www.elsindical.com.ar\/notas\/wp-json\/wp\/v2\/categories?post=75584"},{"taxonomy":"post_tag","embeddable":true,"href":"https:\/\/www.elsindical.com.ar\/notas\/wp-json\/wp\/v2\/tags?post=75584"}],"curies":[{"name":"wp","href":"https:\/\/api.w.org\/{rel}","templated":true}]}}