{"id":75581,"date":"2018-01-25T14:43:06","date_gmt":"2018-01-25T17:43:06","guid":{"rendered":"http:\/\/www.elsindical.com.ar\/notas\/?p=75581"},"modified":"2018-01-25T14:43:06","modified_gmt":"2018-01-25T17:43:06","slug":"san-jose-buscan-a-una-joven-desaparecida","status":"publish","type":"post","link":"https:\/\/www.elsindical.com.ar\/notas\/san-jose-buscan-a-una-joven-desaparecida\/","title":{"rendered":"San Jos\u00e9: Buscan a una joven desaparecida"},"content":{"rendered":"<p><em><a href=\"http:\/\/www.elsindical.com.ar\/notas\/var\/www\/html\/notas\/wp-content\/uploads\/2018\/01\/Mariela-Azula.jpg\"><img loading=\"lazy\" decoding=\"async\" class=\"alignnone size-medium wp-image-75582\" src=\"http:\/\/www.elsindical.com.ar\/notas\/var\/www\/html\/notas\/wp-content\/uploads\/2018\/01\/Mariela-Azula-300x188.jpg\" alt=\"\" width=\"300\" height=\"188\" srcset=\"https:\/\/www.elsindical.com.ar\/notas\/var\/www\/html\/notas\/wp-content\/uploads\/2018\/01\/Mariela-Azula-300x188.jpg 300w, https:\/\/www.elsindical.com.ar\/notas\/var\/www\/html\/notas\/wp-content\/uploads\/2018\/01\/Mariela-Azula-480x300.jpg 480w, https:\/\/www.elsindical.com.ar\/notas\/var\/www\/html\/notas\/wp-content\/uploads\/2018\/01\/Mariela-Azula.jpg 640w\" sizes=\"auto, (max-width: 300px) 100vw, 300px\" \/><\/a>\u00a0 Mariela Azula tiene 27 a\u00f1os y estaba en pleno tratamiento contra las adicciones. Su entorno desconf\u00eda de su ex pareja, con quien manten\u00eda un v\u00ednculo t\u00f3xico. \u201cNo es nada sencillo salir de un v\u00ednculo de violencia\u201d, indic\u00f3 Emanuel Salinari, director del Hogar de Cristo de Don Orione, donde era asistida.<\/em><\/p>\n<p>Familiares y allegados de Mariela Azula buscan desesperadamente a la joven, que tiene 27 a\u00f1os y fue vista por \u00faltima vez el jueves pasado en la localidad de San Jos\u00e9, Almirante Brown. Piden a la comunidad que aporte datos para dar con su paradero.<\/p>\n<p>La joven se encontraba en pleno tratamiento contra las adicciones, por lo que su entorno teme que haya retomado su v\u00ednculo con una ex pareja que la somet\u00eda a situaciones de violencia de g\u00e9nero y, adem\u00e1s, le prove\u00eda las sustancias.<\/p>\n<p>\u201cHab\u00eda avanzado mucho en su tratamiento, pero todos sabemos que no es nada sencillo salir de un v\u00ednculo de la violencia\u201d, indic\u00f3 Emanuel Salinari, director del Hogar de Cristo de Don Orione, donde era asistida.<\/p>\n<p>Detall\u00f3 que Mariela ten\u00eda una relaci\u00f3n de dependencia \u201cdoblemente dif\u00edcil de tratar\u201d con una pareja con la que tuvo un v\u00ednculo de varios a\u00f1os. \u201cLa psic\u00f3loga trabajaba en su autoestima para que pudiera evitar el contacto con esta persona y ella ya no lo consideraba su pareja\u201d, remarc\u00f3 y se\u00f1al\u00f3 que \u201cla \u00faltima vez que la vieron la notaron bien de \u00e1nimo y contenta\u201d.<\/p>\n<p>Esa \u00faltima vez fue el jueves de la semana pasada, cuando estuvo con una t\u00eda en el barrio de San Jos\u00e9. Dos d\u00edas antes hab\u00eda asistido al Hogar.<\/p>\n<p>Al momento de la desaparici\u00f3n, la mujer vest\u00eda un pantal\u00f3n de jean celeste claro, ojotas rojas, remera negra y llevaba una mochila.<\/p>\n<p>Interviene en la investigaci\u00f3n la Unidad Funcional de Instrucci\u00f3n (UFI) 12 del Departamento Judicial de Lomas de Zamora.<\/p>\n<p>En caso de poseer informaci\u00f3n para colaborar en la b\u00fasqueda, comunicarse al Hogar: 4668-0704, de 9 a 17 horas, o al 1132093073 durante cualquier hora del d\u00eda.<\/p>\n","protected":false},"excerpt":{"rendered":"<p>\u00a0 Mariela Azula tiene 27 a\u00f1os y estaba en pleno tratamiento contra las adicciones. Su entorno desconf\u00eda de su ex pareja, con quien manten\u00eda un v\u00ednculo t\u00f3xico. \u201cNo es nada sencillo salir de un v\u00ednculo de violencia\u201d, indic\u00f3 Emanuel Salinari, director del Hogar de Cristo de Don Orione, donde era asistida. Familiares y allegados de&hellip;<\/p>\n","protected":false},"author":1,"featured_media":75582,"comment_status":"open","ping_status":"open","sticky":false,"template":"","format":"standard","meta":{"footnotes":""},"categories":[26],"tags":[2670,28171,28172,1904],"class_list":["post-75581","post","type-post","status-publish","format-standard","has-post-thumbnail","hentry","category-solidaridad","tag-almirante-brown","tag-hogar-de-cristo-de-don-orione","tag-mariela-azulada","tag-san-jose"],"_links":{"self":[{"href":"https:\/\/www.elsindical.com.ar\/notas\/wp-json\/wp\/v2\/posts\/75581","targetHints":{"allow":["GET"]}}],"collection":[{"href":"https:\/\/www.elsindical.com.ar\/notas\/wp-json\/wp\/v2\/posts"}],"about":[{"href":"https:\/\/www.elsindical.com.ar\/notas\/wp-json\/wp\/v2\/types\/post"}],"author":[{"embeddable":true,"href":"https:\/\/www.elsindical.com.ar\/notas\/wp-json\/wp\/v2\/users\/1"}],"replies":[{"embeddable":true,"href":"https:\/\/www.elsindical.com.ar\/notas\/wp-json\/wp\/v2\/comments?post=75581"}],"version-history":[{"count":1,"href":"https:\/\/www.elsindical.com.ar\/notas\/wp-json\/wp\/v2\/posts\/75581\/revisions"}],"predecessor-version":[{"id":75583,"href":"https:\/\/www.elsindical.com.ar\/notas\/wp-json\/wp\/v2\/posts\/75581\/revisions\/75583"}],"wp:featuredmedia":[{"embeddable":true,"href":"https:\/\/www.elsindical.com.ar\/notas\/wp-json\/wp\/v2\/media\/75582"}],"wp:attachment":[{"href":"https:\/\/www.elsindical.com.ar\/notas\/wp-json\/wp\/v2\/media?parent=75581"}],"wp:term":[{"taxonomy":"category","embeddable":true,"href":"https:\/\/www.elsindical.com.ar\/notas\/wp-json\/wp\/v2\/categories?post=75581"},{"taxonomy":"post_tag","embeddable":true,"href":"https:\/\/www.elsindical.com.ar\/notas\/wp-json\/wp\/v2\/tags?post=75581"}],"curies":[{"name":"wp","href":"https:\/\/api.w.org\/{rel}","templated":true}]}}