{"id":75514,"date":"2018-01-21T18:03:18","date_gmt":"2018-01-21T21:03:18","guid":{"rendered":"http:\/\/www.elsindical.com.ar\/notas\/?p=75514"},"modified":"2018-01-21T18:03:18","modified_gmt":"2018-01-21T21:03:18","slug":"denuncian-que-el-gobierno-piensa-en-privatizar-las-carceles","status":"publish","type":"post","link":"https:\/\/www.elsindical.com.ar\/notas\/denuncian-que-el-gobierno-piensa-en-privatizar-las-carceles\/","title":{"rendered":"Denuncian que el Gobierno \u201cpiensa en privatizar las c\u00e1rceles\u201d"},"content":{"rendered":"<p><em><a href=\"http:\/\/www.elsindical.com.ar\/notas\/var\/www\/html\/notas\/wp-content\/uploads\/2010\/12\/c\u00e1rceles-gen\u00e9rico.jpg\"><img loading=\"lazy\" decoding=\"async\" class=\"alignnone size-full wp-image-11485\" src=\"http:\/\/www.elsindical.com.ar\/notas\/var\/www\/html\/notas\/wp-content\/uploads\/2010\/12\/c\u00e1rceles-gen\u00e9rico.jpg\" alt=\"\" width=\"295\" height=\"295\" srcset=\"https:\/\/www.elsindical.com.ar\/notas\/var\/www\/html\/notas\/wp-content\/uploads\/2010\/12\/c\u00e1rceles-gen\u00e9rico.jpg 295w, https:\/\/www.elsindical.com.ar\/notas\/var\/www\/html\/notas\/wp-content\/uploads\/2010\/12\/c\u00e1rceles-gen\u00e9rico-150x150.jpg 150w\" sizes=\"auto, (max-width: 295px) 100vw, 295px\" \/><\/a>\u00a0 La CPM advirti\u00f3 que se busca copiar el modelo de Estados Unidos. Renov\u00f3 cr\u00edticas porque pese a que \u201chay mayor cantidad de presos que antes, existen m\u00e1s hechos delictivos\u201d. Sandra Raggio reclama un \u201ccambio en la orientaci\u00f3n de la pol\u00edtica criminal\u201d.<\/em><\/p>\n<p>La directora de la Comisi\u00f3n provincial por la Memoria, Sandra Raggio, advirti\u00f3 que existen m\u00e1s de 42 mil personas detenidas en el territorio bonaerense. Esa sobrepoblaci\u00f3n de las c\u00e1rceles repercute en las dependencias policiales, que terminan alojando detenidos sin contar con los requerimientos b\u00e1sicos.<\/p>\n<p>Pidi\u00f3 \u201cun cambio en la orientaci\u00f3n de la pol\u00edtica criminal\u201d para tratar de disminuir \u201cla saturaci\u00f3n carcelaria\u201d en la Provincia. \u201cEstamos en un record hist\u00f3rico de cantidad de detenidos en la provincia\u201d, plante\u00f3 y aclar\u00f3 que la \u201cpol\u00edtica criminal\u201d est\u00e1 orientada a \u201cencarcelar la mayor cantidad de personas posibles por delitos menores\u201d.<\/p>\n<p>Seg\u00fan cont\u00f3 a este medio, desde la CPM recibieron la denuncia de una comisar\u00eda de San Mart\u00edn, donde los presos no ten\u00edan agua ni colchones. \u201cNi hablar de servicio m\u00e9dico o un espacio de esparcimiento, como tienen los penales, adem\u00e1s de escuelas\u201d, a\u00f1adi\u00f3.<\/p>\n<p>\u201cEl hacinamiento es impresionante, pero lo m\u00e1s grave es que el Gobierno piensa en la privatizaci\u00f3n de las c\u00e1rceles, como el sistema penitenciario m\u00e1s grande del mundo, que es el norteamericano\u201d, avis\u00f3 en referencia al proyecto de construcci\u00f3n de nuevos penales en la Provincia a costa de capitales privados.<\/p>\n<p>Reiter\u00f3 que \u201cla mayor cantidad de gente detenida est\u00e1 por hechos menores, por lo que hay que orientar la b\u00fasqueda en los jefes del crimen organizado\u201d. \u201cEstamos en un r\u00e9cord hist\u00f3rico de cantidad de detenidos en la provincia y est\u00e1 comprobado que con mayor cantidad de presos que antes existen m\u00e1s hechos de inseguridad\u201d, plante\u00f3 Raggio.<\/p>\n","protected":false},"excerpt":{"rendered":"<p>\u00a0 La CPM advirti\u00f3 que se busca copiar el modelo de Estados Unidos. Renov\u00f3 cr\u00edticas porque pese a que \u201chay mayor cantidad de presos que antes, existen m\u00e1s hechos delictivos\u201d. Sandra Raggio reclama un \u201ccambio en la orientaci\u00f3n de la pol\u00edtica criminal\u201d. La directora de la Comisi\u00f3n provincial por la Memoria, Sandra Raggio, advirti\u00f3 que&hellip;<\/p>\n","protected":false},"author":1,"featured_media":11485,"comment_status":"open","ping_status":"open","sticky":false,"template":"","format":"standard","meta":{"footnotes":""},"categories":[8],"tags":[2829,10644,141,375,1226],"class_list":["post-75514","post","type-post","status-publish","format-standard","has-post-thumbnail","hentry","category-derechos-humanos","tag-carceles","tag-cpm","tag-eeuu","tag-gobierno","tag-presos"],"_links":{"self":[{"href":"https:\/\/www.elsindical.com.ar\/notas\/wp-json\/wp\/v2\/posts\/75514","targetHints":{"allow":["GET"]}}],"collection":[{"href":"https:\/\/www.elsindical.com.ar\/notas\/wp-json\/wp\/v2\/posts"}],"about":[{"href":"https:\/\/www.elsindical.com.ar\/notas\/wp-json\/wp\/v2\/types\/post"}],"author":[{"embeddable":true,"href":"https:\/\/www.elsindical.com.ar\/notas\/wp-json\/wp\/v2\/users\/1"}],"replies":[{"embeddable":true,"href":"https:\/\/www.elsindical.com.ar\/notas\/wp-json\/wp\/v2\/comments?post=75514"}],"version-history":[{"count":1,"href":"https:\/\/www.elsindical.com.ar\/notas\/wp-json\/wp\/v2\/posts\/75514\/revisions"}],"predecessor-version":[{"id":75515,"href":"https:\/\/www.elsindical.com.ar\/notas\/wp-json\/wp\/v2\/posts\/75514\/revisions\/75515"}],"wp:featuredmedia":[{"embeddable":true,"href":"https:\/\/www.elsindical.com.ar\/notas\/wp-json\/wp\/v2\/media\/11485"}],"wp:attachment":[{"href":"https:\/\/www.elsindical.com.ar\/notas\/wp-json\/wp\/v2\/media?parent=75514"}],"wp:term":[{"taxonomy":"category","embeddable":true,"href":"https:\/\/www.elsindical.com.ar\/notas\/wp-json\/wp\/v2\/categories?post=75514"},{"taxonomy":"post_tag","embeddable":true,"href":"https:\/\/www.elsindical.com.ar\/notas\/wp-json\/wp\/v2\/tags?post=75514"}],"curies":[{"name":"wp","href":"https:\/\/api.w.org\/{rel}","templated":true}]}}