{"id":75504,"date":"2018-01-21T15:53:09","date_gmt":"2018-01-21T18:53:09","guid":{"rendered":"http:\/\/www.elsindical.com.ar\/notas\/?p=75504"},"modified":"2018-01-21T15:53:30","modified_gmt":"2018-01-21T18:53:30","slug":"75504-2","status":"publish","type":"post","link":"https:\/\/www.elsindical.com.ar\/notas\/75504-2\/","title":{"rendered":"EFEM\u00c9RIDES: DEL D\u00cdA 21 DE ENERO"},"content":{"rendered":"<p>1338 \u2013 Nace Carlos V de Francia.<\/p>\n<p>1522 \u2013 Primer viaje por la costa de Nicaragua para buscar comunicaci\u00f3n entre el Atl\u00e1ntico y el Pac\u00edfico. Lo encabezaron el capit\u00e1n Gil Gonzalo D\u00e1vila y el piloto Andr\u00e9s Ni\u00f1o.<\/p>\n<p>1533 \u2013 Pedro de Heredia funda Cartagena de Indias en la actual Colombia.<\/p>\n<p>1790 \u2013 La Asamblea Constituyente francesa proclama la igualdad de todos los ciudadanos ante la ley.<\/p>\n<p>1793 \u2013 Luis XVI de Francia muere guillotinado en Par\u00eds.<\/p>\n<p>1799 \u2013 Edward Jenner introduce la vacuna antivari\u00f3lica.<\/p>\n<p>1813 \u2013 Nace John C Fremont, cart\u00f3grafo y explorador del oeste de los EEUU.<\/p>\n<p>1815 \u2013 Nace Horace Wells, dentista, pionero en el uso de la anestesia m\u00e9dica.<\/p>\n<p>1823 \u2013 Muere el fraile franciscano Cayetano Rodr\u00edguez, poeta argentino, protector y maestro de Mariano Moreno.<\/p>\n<p>1846 \u2013 Primera edici\u00f3n de los art\u00edculos de Charles Dickens \u201cDaily News\u201d.<\/p>\n<p>1858 \u2013 Tras la hu\u00edda del presidente mexicano Ignacio Comonfort, asume su puesto el vicepresidente, Benito Ju\u00e1rez.<\/p>\n<p>1881 \u2013 Muerte de Manuel Orozco y Berra, historiador mexicano.<\/p>\n<p>1885 \u2013 Nace Umberto Nobile, militar italiano.<\/p>\n<p>1895 \u2013 Jos\u00e9 Evaristo Uriburu ocupa la presidencia de Argentina tras la renuncia de Luis S\u00e1enz Pe\u00f1a.<\/p>\n<p>1896 \u2013 Se funda el Banfield Athletic Club, hoy C.A.Banfield (en Argentina).<\/p>\n<p>1905 \u2013 Nace Christian Dior, dise\u00f1ador de modas.<\/p>\n<p>1915 \u2013 Se funda el primer Kiwanis Club.<\/p>\n<p>1919 \u2013 Primera reuni\u00f3n del Parlamento irland\u00e9s, en la que se reafirma el establecimiento de la Rep\u00fablica de este pa\u00eds.<\/p>\n<p>1919 \u2013 La Asamblea Nacional de Alemania inaugura sus sesiones en Weimar al no poder hacerlo en Berl\u00edn por des\u00f3rdenes p\u00fablicos.<\/p>\n<p>1923 \u2013 Nace Lola Flores, cantante flamenca.<\/p>\n<p>1924 \u2013 El Tte. Juan Luis Garramendi cruza el R\u00edo de la Plata nadando.<\/p>\n<p>1924 \u2013 Muere Vladimir Ilych Ulianov, \u201cLenin\u201d, art\u00edfice principal de la revoluci\u00f3n rusa de 1917 y fundador del Estado Sovi\u00e9tico.<\/p>\n<p>1924 \u2013 Nace el actor brit\u00e1nico Benny Hill.<\/p>\n<p>1924 \u2013 Nace el actor estadounidense Telly Savalas.<\/p>\n<p>1926 \u2013 Nace Steve Reeves, actor estadounidense.<\/p>\n<p>1927 \u2013 Primer programa de cine sonoro presentado en Nueva York por William Fox.<\/p>\n<p>1930 \u2013 El emperador Hiro-Hito disuelve el Parlamento japon\u00e9s.<\/p>\n<p>1933 \u2013 Muere George Moore, novelista irland\u00e9s.<\/p>\n<p>1940 \u2013 Nace el golfista Jack William Nicklaus.<\/p>\n<p>1941 \u2013 Nacimiento del tenor espa\u00f1ol Pl\u00e1cido Domingo, cuya biograf\u00eda tambi\u00e9n le vincula a M\u00e9xico.<\/p>\n<p>1942 \u2013 II Guerra mundial: Comienza la contraofensiva alemana en el norte de Africa.<\/p>\n<p>1944 \u2013 Los sovi\u00e9ticos rompen el asedio de Leningrado, que dur\u00f3 29 meses.<\/p>\n<p>1950 \u2013 Muere el escritor George Orwell.<\/p>\n<p>1954 \u2013 Botadura en Estados Unidos del \u201cNautilus\u201d, primer submarino de propulsi\u00f3n at\u00f3mica.<\/p>\n<p>1957 \u2013 Nace la actriz Virginia \u201cGeena\u201d Davis.<\/p>\n<p>1959 \u2013 Muere el productor Cecil Blount De Mille.<\/p>\n<p>1961 \u2013 Nace Guido Buchwald, futbolista alem\u00e1n.<\/p>\n<p>1976 \u2013 El avi\u00f3n supers\u00f3nico de pasajeros \u201cConcorde\u201d inicia vuelos de l\u00ednea regular.<\/p>\n<p>1979 \u2013 Neptuno pasa a ser el planeta m\u00e1s alejado (Plut\u00f3n cierra su \u00f3rbita).<\/p>\n<p>1980 \u2013 Mueren m\u00e1s de 300 personas al derrumbarse una plaza de toros en Sincelejo (Colombia).<\/p>\n<p>1980 \u2013 Jorge Luis Borges y Gerardo Diego, galardonados \u201cex aequo\u201d con el Premio Cervantes.<\/p>\n<p>1984 \u2013 Muerte del estadounidense Johnny Weismuller, recordman ol\u00edmpico de nataci\u00f3n y luego el actor que encarnar\u00eda con mayor \u00e9xito el personaje de \u201cTarz\u00e1n\u201d.<\/p>\n<p>1987 \u2013 Mueren 43 personas al chocar un autob\u00fas contra un cami\u00f3n cerca de la ciudad de Temuco (Chile).<\/p>\n<p>1991 \u2013 El nuevo rey de Noruega, Harald V, jura la Constituci\u00f3n ante el Parlamento.<\/p>\n<p>1994 \u2013 El Senado mexicano ratifica la ley de amnist\u00eda para los insurgentes de Chiapas, aprobada el d\u00eda antes por el Congreso.<\/p>\n<p>1994- 25 bomberos voluntarios de entre 11 y 22 a\u00f1os murieron intentando apagar un incendio en Puerto Madryn, Chubut, hecho que se conoce como \u201cLa tragedia de los bomberitos\u201d<\/p>\n<p>1997 \u2013 Muere Eduardo Morera, cineasta argentino.<\/p>\n<p>1998 \u2013 Juan Pablo II llega a La Habana para una visita de cinco d\u00edas a Cuba. El Pont\u00edfice critica la violaci\u00f3n de derechos humanos en el pa\u00eds, as\u00ed como la pol\u00edtica de bloqueo estadounidense a la isla caribe\u00f1a.<\/p>\n<p>1999 \u2013 Es detenido el general Reynaldo Bignone, \u00faltimo presidente del r\u00e9gimen militar argentino, acusado del secuestro de ni\u00f1os<\/p>\n<p>2001 \u2013 La alemana Jutta Kleinschmidt se convierte en la primera mujer ganadora del Rally Dakar.<\/p>\n<p>2001 \u2013 Muere Ricardo Castro R\u00edos, actor argentino de origen espa\u00f1ol.<\/p>\n<p>2002 \u2013 Muere el actor y dramaturgo catal\u00e1n Adolfo Marsillach Soriano.<\/p>\n<p>2002 \u2013 Muere Peggy Lee, cantante estadounidense de jazz, que inmortaliz\u00f3 \u201cFever\u201d y \u201cJohnny guitar\u201d<\/p>\n<p>2003 \u2013 Arque\u00f3logos espa\u00f1oles descubren en una antigua necr\u00f3polis de Luxor la parte superior de un sarc\u00f3fago de la dinast\u00eda sa\u00edta, que muestra tallado el rostro de la ni\u00f1a difunta.<\/p>\n<p>2003 \u2013 En Colima (M\u00e9xico) se produce un terremoto de magnitud 7,7 en la escala de Richter, con 53 muertos, 300 heridos y m\u00e1s de 10 000 viviendas afectadas<\/p>\n<p>2007 \u2013 En Serbia se celebran sus primeras elecciones generales tras independizarse de Montenegro en mayo de 2006.<\/p>\n<p>2013 \u2013 Muere Humberto Serrano, actor argentino de origen espa\u00f1ol.<\/p>\n","protected":false},"excerpt":{"rendered":"<p>1338 \u2013 Nace Carlos V de Francia. 1522 \u2013 Primer viaje por la costa de Nicaragua para buscar comunicaci\u00f3n entre el Atl\u00e1ntico y el Pac\u00edfico. Lo encabezaron el capit\u00e1n Gil Gonzalo D\u00e1vila y el piloto Andr\u00e9s Ni\u00f1o. 1533 \u2013 Pedro de Heredia funda Cartagena de Indias en la actual Colombia. 1790 \u2013 La Asamblea Constituyente&hellip;<\/p>\n","protected":false},"author":1,"featured_media":0,"comment_status":"open","ping_status":"open","sticky":false,"template":"","format":"standard","meta":{"footnotes":""},"categories":[14],"tags":[],"class_list":["post-75504","post","type-post","status-publish","format-standard","hentry","category-efemerides"],"_links":{"self":[{"href":"https:\/\/www.elsindical.com.ar\/notas\/wp-json\/wp\/v2\/posts\/75504","targetHints":{"allow":["GET"]}}],"collection":[{"href":"https:\/\/www.elsindical.com.ar\/notas\/wp-json\/wp\/v2\/posts"}],"about":[{"href":"https:\/\/www.elsindical.com.ar\/notas\/wp-json\/wp\/v2\/types\/post"}],"author":[{"embeddable":true,"href":"https:\/\/www.elsindical.com.ar\/notas\/wp-json\/wp\/v2\/users\/1"}],"replies":[{"embeddable":true,"href":"https:\/\/www.elsindical.com.ar\/notas\/wp-json\/wp\/v2\/comments?post=75504"}],"version-history":[{"count":2,"href":"https:\/\/www.elsindical.com.ar\/notas\/wp-json\/wp\/v2\/posts\/75504\/revisions"}],"predecessor-version":[{"id":75506,"href":"https:\/\/www.elsindical.com.ar\/notas\/wp-json\/wp\/v2\/posts\/75504\/revisions\/75506"}],"wp:attachment":[{"href":"https:\/\/www.elsindical.com.ar\/notas\/wp-json\/wp\/v2\/media?parent=75504"}],"wp:term":[{"taxonomy":"category","embeddable":true,"href":"https:\/\/www.elsindical.com.ar\/notas\/wp-json\/wp\/v2\/categories?post=75504"},{"taxonomy":"post_tag","embeddable":true,"href":"https:\/\/www.elsindical.com.ar\/notas\/wp-json\/wp\/v2\/tags?post=75504"}],"curies":[{"name":"wp","href":"https:\/\/api.w.org\/{rel}","templated":true}]}}