{"id":755,"date":"2009-10-01T00:59:00","date_gmt":"2009-10-01T03:59:00","guid":{"rendered":"http:\/\/www.elsindical.com.ar\/notas\/?p=755"},"modified":"2009-10-01T00:59:00","modified_gmt":"2009-10-01T03:59:00","slug":"nuevo-paro-de-24-horas-en-77-hospitales-bonaerenses","status":"publish","type":"post","link":"https:\/\/www.elsindical.com.ar\/notas\/nuevo-paro-de-24-horas-en-77-hospitales-bonaerenses\/","title":{"rendered":"Nuevo paro de 24 horas en 77 hospitales bonaerenses"},"content":{"rendered":"<p><em><img loading=\"lazy\" decoding=\"async\" class=\"alignleft size-full wp-image-756\" title=\"Cicop-marcha\" src=\"http:\/\/www.elsindical.com.ar\/notas\/var\/www\/html\/notas\/wp-content\/uploads\/2009\/10\/Cicop-marcha.jpg\" alt=\"Cicop-marcha\" width=\"269\" height=\"200\" \/><\/em>\u00a0<\/p>\n<p>La Asociaci\u00f3n de Profesionales de la Salud de la Provincia de Buenos Aires (CICOP) denunci\u00f3 incumplimientos en la paritaria y reclama la creaci\u00f3n de 800 nuevos cargos.<\/p>\n<p>Entre sus pedidos y necesidades m\u00e1s urgentes figuran el pase a planta de 600 profesionales becarios, el aumento del reemplazo de guardia, el 22 por ciento de recomposici\u00f3n salarial y la sanci\u00f3n de las leyes de normalizaci\u00f3n de la carrera profesional aun en tr\u00e1mite parlamentario.<\/p>\n<p>A pesar del alto acatamiento de la medida de fuerza realizada la semana pasada en el marco del paro nacional, hasta el presente el Gobierno no ha formalizado ninguna propuesta concreta para superar el conflicto.<\/p>\n<p>\u00abEl Gobierno no cumpli\u00f3 con los compromisos asumidos y, en ese marco, los profesionales seguir\u00e1n reclamando y profundizando las medidas en caso de no obtener respuesta. Si bien las autoridades del ministerio de Salud de la provincia se comprometieron a convocar a una reuni\u00f3n la segunda semana de septiembre, a\u00dan no se han comunicado\u00bb, se\u00f1al\u00f3 el titular de CICOP, Hugo Amor.<\/p>\n<p>Seg\u00dan explic\u00f3 Amor, \u00abla disminuci\u00f3n del presupuesto nacional en salud no augura nada bueno para los trabajadores y para los ciudadanos que tienen como \u00danica opci\u00f3n el sistema p\u00dablico\u00bb.<\/p>\n<p>\u00abComo el 90 por ciento de las urgencias se atienden en los hospitales p\u00dablicos tambi\u00e9n se perjudicar\u00e1n los que tiene obras sociales y prepagas\u00bb, indic\u00f3.<\/p>\n<p>El presidente de CICOP precis\u00f3 que \u00abde los 80 profesionales que el gobierno se comprometi\u00f3 a pasar a planta por mes, s\u00f3lo pasaron un total de 120, es decir, hay 600 m\u00e1s que deber\u00edan estar nombrados y a\u00dan no lo est\u00e1n\u00bb.<\/p>\n<p style=\"text-align: justify;\">\u00abNo hay propuesta de aumento del monto de las guardias ni de nominalizar su cobro: los Hospitales Mi Pueblo de Florencio Varela y Julio De Vedia de 9 de Julio deber\u00edan haberse incorporado al r\u00e9gimen de desfavorabilidad, que implica una bonificaci\u00f3n del 15 por ciento sobre el b\u00e1sico a todo el personal, y a\u00dan no est\u00e1n los decretos que lo permitan\u00bb, detall\u00f3.<\/p>\n","protected":false},"excerpt":{"rendered":"<p>\u00a0 La Asociaci\u00f3n de Profesionales de la Salud de la Provincia de Buenos Aires (CICOP) denunci\u00f3 incumplimientos en la paritaria y reclama la creaci\u00f3n de 800 nuevos cargos. Entre sus pedidos y necesidades m\u00e1s urgentes figuran el pase a planta de 600 profesionales becarios, el aumento del reemplazo de guardia, el 22 por ciento de&hellip;<\/p>\n","protected":false},"author":1,"featured_media":0,"comment_status":"open","ping_status":"open","sticky":false,"template":"","format":"standard","meta":{"footnotes":""},"categories":[16],"tags":[291,441,67,442],"class_list":["post-755","post","type-post","status-publish","format-standard","hentry","category-gremiales","tag-cicop","tag-hospitales","tag-paro","tag-provincia"],"_links":{"self":[{"href":"https:\/\/www.elsindical.com.ar\/notas\/wp-json\/wp\/v2\/posts\/755","targetHints":{"allow":["GET"]}}],"collection":[{"href":"https:\/\/www.elsindical.com.ar\/notas\/wp-json\/wp\/v2\/posts"}],"about":[{"href":"https:\/\/www.elsindical.com.ar\/notas\/wp-json\/wp\/v2\/types\/post"}],"author":[{"embeddable":true,"href":"https:\/\/www.elsindical.com.ar\/notas\/wp-json\/wp\/v2\/users\/1"}],"replies":[{"embeddable":true,"href":"https:\/\/www.elsindical.com.ar\/notas\/wp-json\/wp\/v2\/comments?post=755"}],"version-history":[{"count":2,"href":"https:\/\/www.elsindical.com.ar\/notas\/wp-json\/wp\/v2\/posts\/755\/revisions"}],"predecessor-version":[{"id":758,"href":"https:\/\/www.elsindical.com.ar\/notas\/wp-json\/wp\/v2\/posts\/755\/revisions\/758"}],"wp:attachment":[{"href":"https:\/\/www.elsindical.com.ar\/notas\/wp-json\/wp\/v2\/media?parent=755"}],"wp:term":[{"taxonomy":"category","embeddable":true,"href":"https:\/\/www.elsindical.com.ar\/notas\/wp-json\/wp\/v2\/categories?post=755"},{"taxonomy":"post_tag","embeddable":true,"href":"https:\/\/www.elsindical.com.ar\/notas\/wp-json\/wp\/v2\/tags?post=755"}],"curies":[{"name":"wp","href":"https:\/\/api.w.org\/{rel}","templated":true}]}}