{"id":75426,"date":"2018-01-14T01:11:17","date_gmt":"2018-01-14T04:11:17","guid":{"rendered":"http:\/\/www.elsindical.com.ar\/notas\/?p=75426"},"modified":"2018-01-14T01:11:17","modified_gmt":"2018-01-14T04:11:17","slug":"lomas-de-zamora-allanamiento-de-urgencia-infraccion-ley-23-737","status":"publish","type":"post","link":"https:\/\/www.elsindical.com.ar\/notas\/lomas-de-zamora-allanamiento-de-urgencia-infraccion-ley-23-737\/","title":{"rendered":"Lomas de Zamora: Allanamiento de urgencia, infracci\u00f3n Ley 23.737"},"content":{"rendered":"<p><a href=\"http:\/\/distritalavellaneda.com.ar\/wp-content\/uploads\/2018\/01\/WhatsApp-Image-2018-01-13-at-2r.jpg\"><img loading=\"lazy\" decoding=\"async\" class=\"alignnone size-medium wp-image-17707\" src=\"http:\/\/distritalavellaneda.com.ar\/wp-content\/uploads\/2018\/01\/WhatsApp-Image-2018-01-13-at-2r-300x169.jpg\" alt=\"\" width=\"300\" height=\"169\" \/><\/a><\/p>\n<p>FECHA: 13-01-2018.-<br \/>\nHORA: 22:45 Hs.-<br \/>\nHECHO: INFRACCI\u00d3N LEY 23.737.-<br \/>\nLUGAR: ARROTEA 1074 Y POSADAS.-<br \/>\nZONA: 05.-<br \/>\nSECCIONAL: CRIA 1RA de Lomas de Zamora.-<br \/>\nM\u00d3VIL: 41579 A\/C OP. P\u00c9REZ PL \u2013 SGTO. DOM\u00cdNGUEZ RAMONA C.P.-<br \/>\n&#8212;&#8212;&#8212;&#8212;&#8212;&#8212;&#8212;&#8212;&#8212;<br \/>\nAMPLIACI\u00d3N DE HECHO: Fecha Personal de este Comando, en recorrida, es que divisan un masculino el cual portaba un arma de fuego que al notar la presencia del m\u00f3vil policial se da a la fuga a pie ingresando a un domicilio de ep\u00edgrafe, por lo que dado la premura ingresan al domicilio, que el masculino se da a la fuga por los fondos perdi\u00e9ndolo de vista, que en el lugar se observan varias plantas de similar caracter\u00edsticas al CANNABIS y armas de fuego, se procede a preservar el lugar, dando conocimiento a Cria jurisdiccional, por lo que se solicita a m\u00f3viles de apoyo que soliciten la presencia de dos testigos, una vez los testigos en el lugar se ingresa al domicilio incautando en el lugar UNA (1) PISTOLA CAL. 22, DOS (2) PISTOLAS 9 MM., UNA (1) PISTOLA CAL. 45, UNA (1) CARABINA CAL. 22 con culata rebatible, CUATRO (4) CAMPERAS AZULES con inscripci\u00f3n P.FA. similar a la usadas por la brigada de Polic\u00eda Federal Argentina, DOS (2) GORRAS AZULES con inscripci\u00f3n P.F.A., UNA (1) CAMISA DE P.F.A., UN (1) CHALECO DE TRANSPORTE que reza POLICIAL el cual posee CINCO (5) CARTUCHOS DE ESCOPETA INTACTOS, ONCE (11) EQUIPOS DE TELEFONIA CELULAR, UN (1) HANDY CON VARIAS FRECUENCIAS, se contabilizaron SESENTA Y TRES (63) PLANTAS DE MARIHUANA, UN (1) MOTOVEHICULO marca HONDA color AZUL PTTE. 475-EAZ CON PEDIDO DE SECUESTRO ACTIVO, con fecha 17\/01\/2017, a solicitud de Cria. 4ta Llavallol, car\u00e1tula ROBO, NSI 2469254 DOS (2) MOTOVEH\u00cdCULOS SIN IMPEDIMENTOS, DOCUMENTACI\u00d3N VARIAS.<\/p>\n<p>Que a estas alturas se hace presente en el lugar un masculino identificado como CLAUDIO EMANUEL M., el cual manifiesta ser personal policial de P.F.A. ostentando jerarqu\u00eda de Oficial Inspector, el mismo refiere ser familiar de los que habitan este domicilio, que por orden del juzgado interviniente NO se toma medidas al momento para con el ciudadano efectivo policial.<\/p>\n<p>Se labran actuaciones de rigor en seccional policial 1ra de Lomas de Zamora.-<\/p>\n<p><a href=\"http:\/\/distritalavellaneda.com.ar\/wp-content\/uploads\/2018\/01\/WhatsApp-Image-2018-01-13-at-21.33.jpg\"><img loading=\"lazy\" decoding=\"async\" class=\"alignnone size-medium wp-image-17715\" src=\"http:\/\/distritalavellaneda.com.ar\/wp-content\/uploads\/2018\/01\/WhatsApp-Image-2018-01-13-at-21.33-169x300.jpg\" alt=\"\" width=\"169\" height=\"300\" \/><\/a> <a href=\"http:\/\/distritalavellaneda.com.ar\/wp-content\/uploads\/2018\/01\/WhatsApp-Image-2018-01-13-at-23.07b.jpg\"><img loading=\"lazy\" decoding=\"async\" class=\"alignnone size-medium wp-image-17705\" src=\"http:\/\/distritalavellaneda.com.ar\/wp-content\/uploads\/2018\/01\/WhatsApp-Image-2018-01-13-at-23.07b-300x169.jpg\" alt=\"\" width=\"300\" height=\"169\" \/><\/a> <a href=\"http:\/\/distritalavellaneda.com.ar\/wp-content\/uploads\/2018\/01\/WhatsApp-Image-2018-01-13-at-23f.jpg\"><img loading=\"lazy\" decoding=\"async\" class=\"alignnone size-medium wp-image-17709\" src=\"http:\/\/distritalavellaneda.com.ar\/wp-content\/uploads\/2018\/01\/WhatsApp-Image-2018-01-13-at-23f-300x169.jpg\" alt=\"\" width=\"300\" height=\"169\" \/><\/a> <a href=\"http:\/\/distritalavellaneda.com.ar\/wp-content\/uploads\/2018\/01\/WhatsApp-Image-2018-01-13-at-21.3.jpg\"><img loading=\"lazy\" decoding=\"async\" class=\"alignnone size-medium wp-image-17714\" src=\"http:\/\/distritalavellaneda.com.ar\/wp-content\/uploads\/2018\/01\/WhatsApp-Image-2018-01-13-at-21.3-169x300.jpg\" alt=\"\" width=\"169\" height=\"300\" \/><\/a> <a href=\"http:\/\/distritalavellaneda.com.ar\/wp-content\/uploads\/2018\/01\/WhatsApp-Image-2018-01-13-at-23.jpg\"><img loading=\"lazy\" decoding=\"async\" class=\"alignnone size-medium wp-image-17713\" src=\"http:\/\/distritalavellaneda.com.ar\/wp-content\/uploads\/2018\/01\/WhatsApp-Image-2018-01-13-at-23-300x169.jpg\" alt=\"\" width=\"300\" height=\"169\" \/><\/a> <a href=\"http:\/\/distritalavellaneda.com.ar\/wp-content\/uploads\/2018\/01\/WhatsApp-Image-2018-01-13-at-23.0y.jpg\"><img loading=\"lazy\" decoding=\"async\" class=\"alignnone size-medium wp-image-17712\" src=\"http:\/\/distritalavellaneda.com.ar\/wp-content\/uploads\/2018\/01\/WhatsApp-Image-2018-01-13-at-23.0y-300x169.jpg\" alt=\"\" width=\"300\" height=\"169\" \/><\/a> <a href=\"http:\/\/distritalavellaneda.com.ar\/wp-content\/uploads\/2018\/01\/WhatsApp-Image-2018-01-13-at-23t.jpg\"><img loading=\"lazy\" decoding=\"async\" class=\"alignnone size-medium wp-image-17711\" src=\"http:\/\/distritalavellaneda.com.ar\/wp-content\/uploads\/2018\/01\/WhatsApp-Image-2018-01-13-at-23t-300x169.jpg\" alt=\"\" width=\"300\" height=\"169\" \/><\/a> <a href=\"http:\/\/distritalavellaneda.com.ar\/wp-content\/uploads\/2018\/01\/WhatsApp-Image-2018-01-13-at-23d.jpg\"><img loading=\"lazy\" decoding=\"async\" class=\"alignnone size-medium wp-image-17706\" src=\"http:\/\/distritalavellaneda.com.ar\/wp-content\/uploads\/2018\/01\/WhatsApp-Image-2018-01-13-at-23d-300x169.jpg\" alt=\"\" width=\"300\" height=\"169\" \/><\/a> <a href=\"http:\/\/distritalavellaneda.com.ar\/wp-content\/uploads\/2018\/01\/WhatsApp-Image-2018-01-13-at-2r.jpg\"><img loading=\"lazy\" decoding=\"async\" class=\"alignnone size-medium wp-image-17707\" src=\"http:\/\/distritalavellaneda.com.ar\/wp-content\/uploads\/2018\/01\/WhatsApp-Image-2018-01-13-at-2r-300x169.jpg\" alt=\"\" width=\"300\" height=\"169\" \/><\/a> <a href=\"http:\/\/distritalavellaneda.com.ar\/wp-content\/uploads\/2018\/01\/WhatsApp-Image-2018-01-13-at-23j.jpg\"><img loading=\"lazy\" decoding=\"async\" class=\"alignnone size-medium wp-image-17708\" src=\"http:\/\/distritalavellaneda.com.ar\/wp-content\/uploads\/2018\/01\/WhatsApp-Image-2018-01-13-at-23j-300x169.jpg\" alt=\"\" width=\"300\" height=\"169\" \/><\/a> <a href=\"http:\/\/distritalavellaneda.com.ar\/wp-content\/uploads\/2018\/01\/WhatsApp-Image-2018-01-13-at-23.07s.jpg\"><img loading=\"lazy\" decoding=\"async\" class=\"alignnone size-medium wp-image-17703\" src=\"http:\/\/distritalavellaneda.com.ar\/wp-content\/uploads\/2018\/01\/WhatsApp-Image-2018-01-13-at-23.07s-300x169.jpg\" alt=\"\" width=\"300\" height=\"169\" \/><\/a> <a href=\"http:\/\/distritalavellaneda.com.ar\/wp-content\/uploads\/2018\/01\/WhatsApp-Image-2018-01-13-at-23.07c.jpg\"><img loading=\"lazy\" decoding=\"async\" class=\"alignnone size-medium wp-image-17704\" src=\"http:\/\/distritalavellaneda.com.ar\/wp-content\/uploads\/2018\/01\/WhatsApp-Image-2018-01-13-at-23.07c-300x169.jpg\" alt=\"\" width=\"300\" height=\"169\" \/><\/a> <a href=\"http:\/\/distritalavellaneda.com.ar\/wp-content\/uploads\/2018\/01\/WhatsApp-Image-2018-01-13-at-23.07a.jpg\"><img loading=\"lazy\" decoding=\"async\" class=\"alignnone size-medium wp-image-17702\" src=\"http:\/\/distritalavellaneda.com.ar\/wp-content\/uploads\/2018\/01\/WhatsApp-Image-2018-01-13-at-23.07a-300x169.jpg\" alt=\"\" width=\"300\" height=\"169\" \/><\/a> <a href=\"http:\/\/distritalavellaneda.com.ar\/wp-content\/uploads\/2018\/01\/WhatsApp-Image-2018-01-13-at-23.07z.jpg\"><img loading=\"lazy\" decoding=\"async\" class=\"alignnone size-medium wp-image-17701\" src=\"http:\/\/distritalavellaneda.com.ar\/wp-content\/uploads\/2018\/01\/WhatsApp-Image-2018-01-13-at-23.07z-300x169.jpg\" alt=\"\" width=\"300\" height=\"169\" \/><\/a> <a href=\"http:\/\/distritalavellaneda.com.ar\/wp-content\/uploads\/2018\/01\/WhatsApp-Image-2018-01-13-at-23.09e.jpg\"><img loading=\"lazy\" decoding=\"async\" class=\"alignnone size-medium wp-image-17700\" src=\"http:\/\/distritalavellaneda.com.ar\/wp-content\/uploads\/2018\/01\/WhatsApp-Image-2018-01-13-at-23.09e-300x169.jpg\" alt=\"\" width=\"300\" height=\"169\" \/><\/a><\/p>\n<p><strong>Fuente: <a href=\"https:\/\/departamentalavellanedalanuslomas.blogspot.com\/\">Jefatura Departamental de Seguridad Lan\u00fas<\/a><\/strong><\/p>\n","protected":false},"excerpt":{"rendered":"<p>FECHA: 13-01-2018.- HORA: 22:45 Hs.- HECHO: INFRACCI\u00d3N LEY 23.737.- LUGAR: ARROTEA 1074 Y POSADAS.- ZONA: 05.- SECCIONAL: CRIA 1RA de Lomas de Zamora.- M\u00d3VIL: 41579 A\/C OP. P\u00c9REZ PL \u2013 SGTO. DOM\u00cdNGUEZ RAMONA C.P.- &#8212;&#8212;&#8212;&#8212;&#8212;&#8212;&#8212;&#8212;&#8212; AMPLIACI\u00d3N DE HECHO: Fecha Personal de este Comando, en recorrida, es que divisan un masculino el cual portaba un arma&hellip;<\/p>\n","protected":false},"author":1,"featured_media":75427,"comment_status":"open","ping_status":"open","sticky":false,"template":"","format":"standard","meta":{"footnotes":""},"categories":[22],"tags":[138,424,22301,27235,23294],"class_list":["post-75426","post","type-post","status-publish","format-standard","has-post-thumbnail","hentry","category-policiales","tag-allanamiento","tag-armas","tag-comisario-mayor-javier-carlos-villar","tag-infraccion-ley-23-737","tag-jefatura-departamental-avellaneda-lanus-lomas"],"_links":{"self":[{"href":"https:\/\/www.elsindical.com.ar\/notas\/wp-json\/wp\/v2\/posts\/75426","targetHints":{"allow":["GET"]}}],"collection":[{"href":"https:\/\/www.elsindical.com.ar\/notas\/wp-json\/wp\/v2\/posts"}],"about":[{"href":"https:\/\/www.elsindical.com.ar\/notas\/wp-json\/wp\/v2\/types\/post"}],"author":[{"embeddable":true,"href":"https:\/\/www.elsindical.com.ar\/notas\/wp-json\/wp\/v2\/users\/1"}],"replies":[{"embeddable":true,"href":"https:\/\/www.elsindical.com.ar\/notas\/wp-json\/wp\/v2\/comments?post=75426"}],"version-history":[{"count":1,"href":"https:\/\/www.elsindical.com.ar\/notas\/wp-json\/wp\/v2\/posts\/75426\/revisions"}],"predecessor-version":[{"id":75428,"href":"https:\/\/www.elsindical.com.ar\/notas\/wp-json\/wp\/v2\/posts\/75426\/revisions\/75428"}],"wp:featuredmedia":[{"embeddable":true,"href":"https:\/\/www.elsindical.com.ar\/notas\/wp-json\/wp\/v2\/media\/75427"}],"wp:attachment":[{"href":"https:\/\/www.elsindical.com.ar\/notas\/wp-json\/wp\/v2\/media?parent=75426"}],"wp:term":[{"taxonomy":"category","embeddable":true,"href":"https:\/\/www.elsindical.com.ar\/notas\/wp-json\/wp\/v2\/categories?post=75426"},{"taxonomy":"post_tag","embeddable":true,"href":"https:\/\/www.elsindical.com.ar\/notas\/wp-json\/wp\/v2\/tags?post=75426"}],"curies":[{"name":"wp","href":"https:\/\/api.w.org\/{rel}","templated":true}]}}