{"id":75413,"date":"2018-01-13T10:38:39","date_gmt":"2018-01-13T13:38:39","guid":{"rendered":"http:\/\/www.elsindical.com.ar\/notas\/?p=75413"},"modified":"2018-01-13T10:38:39","modified_gmt":"2018-01-13T13:38:39","slug":"la-matanza-hieren-de-gravedad-a-policia-federal-en-intento-de-robo","status":"publish","type":"post","link":"https:\/\/www.elsindical.com.ar\/notas\/la-matanza-hieren-de-gravedad-a-policia-federal-en-intento-de-robo\/","title":{"rendered":"La Matanza: Hieren de gravedad a polic\u00eda federal en intento de robo"},"content":{"rendered":"<p><em>\u00a0<a href=\"http:\/\/www.elsindical.com.ar\/notas\/var\/www\/html\/notas\/wp-content\/uploads\/2018\/01\/Comisar\u00eda-2da-La-Matanza.jpg\"><img loading=\"lazy\" decoding=\"async\" class=\"alignnone size-medium wp-image-75414\" src=\"http:\/\/www.elsindical.com.ar\/notas\/var\/www\/html\/notas\/wp-content\/uploads\/2018\/01\/Comisar\u00eda-2da-La-Matanza-300x169.jpg\" alt=\"\" width=\"300\" height=\"169\" srcset=\"https:\/\/www.elsindical.com.ar\/notas\/var\/www\/html\/notas\/wp-content\/uploads\/2018\/01\/Comisar\u00eda-2da-La-Matanza-300x169.jpg 300w, https:\/\/www.elsindical.com.ar\/notas\/var\/www\/html\/notas\/wp-content\/uploads\/2018\/01\/Comisar\u00eda-2da-La-Matanza-768x432.jpg 768w, https:\/\/www.elsindical.com.ar\/notas\/var\/www\/html\/notas\/wp-content\/uploads\/2018\/01\/Comisar\u00eda-2da-La-Matanza-500x281.jpg 500w, https:\/\/www.elsindical.com.ar\/notas\/var\/www\/html\/notas\/wp-content\/uploads\/2018\/01\/Comisar\u00eda-2da-La-Matanza-460x260.jpg 460w, https:\/\/www.elsindical.com.ar\/notas\/var\/www\/html\/notas\/wp-content\/uploads\/2018\/01\/Comisar\u00eda-2da-La-Matanza.jpg 970w\" sizes=\"auto, (max-width: 300px) 100vw, 300px\" \/><\/a> El tr\u00e1gico suceso tuvo lugar en la localidad bonaerense de La Matanza cuando un subinspector de la polic\u00eda fue abordado por cuatro malvivientes armados.<\/em><\/p>\n<p>Como saldo de un violento tiroteo, 4 peligrosos marginales hirieron de bala a un subinspector de la Polic\u00eda Federal, a quien pretendieron robarle el autom\u00f3vil en el que se desplazaba, en un dram\u00e1tico suceso, que se registr\u00f3 en la localidad bonaerense de Isidro Casanova, en el partido de La Matanza. Los sanguinarios hampones lograron darse a la fuga en una camioneta y hasta el momento se desconoce su paradero.<\/p>\n<p>Los voceros del departamento judicial de La Matanza revelaron que la infortunada v\u00edctima del il\u00edcito fue identificada como Maximiliano Elizola, quien tiene jerarqu\u00eda de subinspector y se desempe\u00f1a en esa instituci\u00f3n de seguridad federal.<\/p>\n<p>Trascendi\u00f3 que el violento hecho se produjo en las proximidades de calle Juan B. Justo al 700, en la zona del denominado Barrio San Carlos, en el citado distrito, cuando el funcionario, que se desplazaba a bordo de VW Bora gris, fue interceptado con fines de robo por 4 forajidos armados, quienes lo amenazaron de muerte y le exigieron la inmediata entrega del rodado que conduc\u00eda.<\/p>\n<p>Los brutales individuos, seg\u00fan dijeron testigos, se movilizaban en una camioneta blanca. De acuerdo a lo manifestado por los informantes, el oficial, que se hallaba franco de servicio y vestido de civil, aprovech\u00f3 un descuido de los ladrones y extrajo velozmente su pistola reglamentaria 9 mil\u00edmetros, con la que les imparti\u00f3 la voz de alto a estos asaltantes, quienes, tras verse sorprendidos, efectuaron disparos contra la v\u00edctima.<\/p>\n<p>Por este motivo, el subinspector repeli\u00f3 la agresi\u00f3n, oportunidad en la que se origin\u00f3 un dram\u00e1tico intercambio de balazos, hasta que el federal cay\u00f3 en un gran charco de sangre, al ser alcanzado por 2 proyectiles (uno de ellos en el rostro y el otro en un brazo).<\/p>\n<p>Mientras tanto, la gente del barrio se\u00f1al\u00f3 que los delincuentes habr\u00edan escapado r\u00e1pidamente por la calle Urdaneta.<\/p>\n<p>El herido tuvo que ser atendido posteriormente en un centro asistencial.<\/p>\n<p>Varios procedimientos<\/p>\n<p>Pesquisas policiales de la comisar\u00eda de San Carlos (2\u00aa Oeste de La Matanza) realizan diferentes procedimientos con el objetivo de averiguar el paradero de los autores del tremendo episodio, que provoc\u00f3 enorme consternaci\u00f3n entre los habitantes de la zona.<\/p>\n<p>Al respecto los servidores p\u00fablicos de la seccional opinan que los integrantes de la gavilla actuaron al voleo, ya que se asegura que ignoraban la condici\u00f3n de federal del conductor del autom\u00f3vil.<\/p>\n","protected":false},"excerpt":{"rendered":"<p>\u00a0 El tr\u00e1gico suceso tuvo lugar en la localidad bonaerense de La Matanza cuando un subinspector de la polic\u00eda fue abordado por cuatro malvivientes armados. Como saldo de un violento tiroteo, 4 peligrosos marginales hirieron de bala a un subinspector de la Polic\u00eda Federal, a quien pretendieron robarle el autom\u00f3vil en el que se desplazaba,&hellip;<\/p>\n","protected":false},"author":1,"featured_media":75414,"comment_status":"open","ping_status":"open","sticky":false,"template":"","format":"standard","meta":{"footnotes":""},"categories":[22],"tags":[1401,958,116],"class_list":["post-75413","post","type-post","status-publish","format-standard","has-post-thumbnail","hentry","category-policiales","tag-la-matanza","tag-policia-federal","tag-robo"],"_links":{"self":[{"href":"https:\/\/www.elsindical.com.ar\/notas\/wp-json\/wp\/v2\/posts\/75413","targetHints":{"allow":["GET"]}}],"collection":[{"href":"https:\/\/www.elsindical.com.ar\/notas\/wp-json\/wp\/v2\/posts"}],"about":[{"href":"https:\/\/www.elsindical.com.ar\/notas\/wp-json\/wp\/v2\/types\/post"}],"author":[{"embeddable":true,"href":"https:\/\/www.elsindical.com.ar\/notas\/wp-json\/wp\/v2\/users\/1"}],"replies":[{"embeddable":true,"href":"https:\/\/www.elsindical.com.ar\/notas\/wp-json\/wp\/v2\/comments?post=75413"}],"version-history":[{"count":1,"href":"https:\/\/www.elsindical.com.ar\/notas\/wp-json\/wp\/v2\/posts\/75413\/revisions"}],"predecessor-version":[{"id":75415,"href":"https:\/\/www.elsindical.com.ar\/notas\/wp-json\/wp\/v2\/posts\/75413\/revisions\/75415"}],"wp:featuredmedia":[{"embeddable":true,"href":"https:\/\/www.elsindical.com.ar\/notas\/wp-json\/wp\/v2\/media\/75414"}],"wp:attachment":[{"href":"https:\/\/www.elsindical.com.ar\/notas\/wp-json\/wp\/v2\/media?parent=75413"}],"wp:term":[{"taxonomy":"category","embeddable":true,"href":"https:\/\/www.elsindical.com.ar\/notas\/wp-json\/wp\/v2\/categories?post=75413"},{"taxonomy":"post_tag","embeddable":true,"href":"https:\/\/www.elsindical.com.ar\/notas\/wp-json\/wp\/v2\/tags?post=75413"}],"curies":[{"name":"wp","href":"https:\/\/api.w.org\/{rel}","templated":true}]}}