{"id":75316,"date":"2018-01-07T09:25:42","date_gmt":"2018-01-07T12:25:42","guid":{"rendered":"http:\/\/www.elsindical.com.ar\/notas\/?p=75316"},"modified":"2018-01-07T09:25:42","modified_gmt":"2018-01-07T12:25:42","slug":"la-ola-de-aumentos-agrava-la-situacion-de-las-pymes-y-el-mercado-interno","status":"publish","type":"post","link":"https:\/\/www.elsindical.com.ar\/notas\/la-ola-de-aumentos-agrava-la-situacion-de-las-pymes-y-el-mercado-interno\/","title":{"rendered":"La ola de aumentos agrava la situaci\u00f3n de las Pymes y el mercado interno"},"content":{"rendered":"<p><em><a href=\"http:\/\/www.elsindical.com.ar\/notas\/var\/www\/html\/notas\/wp-content\/uploads\/2017\/12\/APYME.jpg\"><img loading=\"lazy\" decoding=\"async\" class=\"alignnone size-medium wp-image-74692\" src=\"http:\/\/www.elsindical.com.ar\/notas\/var\/www\/html\/notas\/wp-content\/uploads\/2017\/12\/APYME-300x39.jpg\" alt=\"\" width=\"300\" height=\"39\" srcset=\"https:\/\/www.elsindical.com.ar\/notas\/var\/www\/html\/notas\/wp-content\/uploads\/2017\/12\/APYME-300x39.jpg 300w, https:\/\/www.elsindical.com.ar\/notas\/var\/www\/html\/notas\/wp-content\/uploads\/2017\/12\/APYME-768x99.jpg 768w, https:\/\/www.elsindical.com.ar\/notas\/var\/www\/html\/notas\/wp-content\/uploads\/2017\/12\/APYME-500x64.jpg 500w, https:\/\/www.elsindical.com.ar\/notas\/var\/www\/html\/notas\/wp-content\/uploads\/2017\/12\/APYME.jpg 800w\" sizes=\"auto, (max-width: 300px) 100vw, 300px\" \/><\/a>\u00a0 La Asamblea de Peque\u00f1os y Medianos Empresarios (APYME) expresa su alarma por las fuertes alzas en los precios dispuestas por el Gobierno entre diciembre de 2017 y estos primeros d\u00edas de 2018. Estos incrementos aumentar\u00e1n los costos en las cadenas de valor, lo que afecta mayormente a las empresas m\u00e1s chicas, sin espaldas financieras para afrontar una continua p\u00e9rdida de capital de trabajo. La reciente suba del d\u00f3lar ya est\u00e1 produciendo adem\u00e1s remarcaciones preventivas en los principales rubros.<\/em><\/p>\n<p>Por otra parte, el alza de los precios de transporte, tarifas de electricidad y gas, combustibles, telefon\u00eda m\u00f3vil, peajes, medicina prepaga, medicamentos y otras \u00e1reas sensibles, agravar\u00e1 el estancamiento de las ventas de las Pymes a causa del creciente deterioro del poder adquisitivo en el mercado interno, que es la principal fuente de ingresos de estas empresas.<\/p>\n<p>Las \u00fanicas medidas del Gobierno para atacar la inflaci\u00f3n siguen siendo las altas tasas y la apertura importadora. La tasa de inter\u00e9s de m\u00e1s del 28% no ha logrado bajar la inflaci\u00f3n seg\u00fan las metas propuestas por el propio Gobierno; en cambio, hace inviables las inversiones productivas y agrava el ahogo financiero de las Pymes.<\/p>\n<p>Por la apertura importadora, que afecta a la producci\u00f3n fabril local, el pasado mes de noviembre de 2017 se produjo un d\u00e9ficit comercial 1.541 millones de d\u00f3lares, con un aumento de m\u00e1s del 30 por ciento de importaciones y una ca\u00edda de 5% de exportaciones. El acumulado de los \u00faltimos 11 meses, de 7.656 millones, es m\u00e1s alto de la historia.<\/p>\n<p>Es decir, no s\u00f3lo aumenta la inflaci\u00f3n, sino que quedan fuera de competencia las Pymes, la producci\u00f3n local y las econom\u00edas regionales.<\/p>\n<p>Al mismo tiempo, el esquema tributario profundiza su regresividad. Mientras que cobran mayor peso los impuestos al consumo, bajan las retenciones a la exportaci\u00f3n sojera y disminuye la tributaci\u00f3n por bienes personales. De este modo se consolida un esquema de distribuci\u00f3n del ingreso que significa una continua transferencia de recursos desde las Pymes, los trabajadores y los sectores m\u00e1s vulnerables hacia los n\u00facleos concentrados de la econom\u00eda, donde s\u00f3lo 100 empresas explican el 64% del PBI y el 80,2% de las exportaciones.<\/p>\n<p>El desbalance de las cuentas p\u00fablicas resultante, se est\u00e1 cubriendo con un desmesurado endeudamiento que s\u00f3lo augura continuos y crecientes ciclos de ajuste.<\/p>\n<p>APYME sostiene que es urgente revertir estas pol\u00edticas y que se contemplen los intereses de las Pymes, los trabajadores, la producci\u00f3n y la industria local, claves para aspirar a un horizonte de desarrollo con equidad distributiva.<\/p>\n<p>Buenos Aires, 5 de enero de 2018<\/p>\n<p>Eduardo Fern\u00e1ndez \u2013 Presidente<\/p>\n<p>Juan Jos\u00e9 Sisca &#8211; Secretario<\/p>\n","protected":false},"excerpt":{"rendered":"<p>\u00a0 La Asamblea de Peque\u00f1os y Medianos Empresarios (APYME) expresa su alarma por las fuertes alzas en los precios dispuestas por el Gobierno entre diciembre de 2017 y estos primeros d\u00edas de 2018. Estos incrementos aumentar\u00e1n los costos en las cadenas de valor, lo que afecta mayormente a las empresas m\u00e1s chicas, sin espaldas financieras&hellip;<\/p>\n","protected":false},"author":1,"featured_media":74692,"comment_status":"open","ping_status":"open","sticky":false,"template":"","format":"standard","meta":{"footnotes":""},"categories":[14],"tags":[1754,28115,22023,16865],"class_list":["post-75316","post","type-post","status-publish","format-standard","has-post-thumbnail","hentry","category-efemerides","tag-aumentos","tag-comercio-interno","tag-economia","tag-pyme"],"_links":{"self":[{"href":"https:\/\/www.elsindical.com.ar\/notas\/wp-json\/wp\/v2\/posts\/75316","targetHints":{"allow":["GET"]}}],"collection":[{"href":"https:\/\/www.elsindical.com.ar\/notas\/wp-json\/wp\/v2\/posts"}],"about":[{"href":"https:\/\/www.elsindical.com.ar\/notas\/wp-json\/wp\/v2\/types\/post"}],"author":[{"embeddable":true,"href":"https:\/\/www.elsindical.com.ar\/notas\/wp-json\/wp\/v2\/users\/1"}],"replies":[{"embeddable":true,"href":"https:\/\/www.elsindical.com.ar\/notas\/wp-json\/wp\/v2\/comments?post=75316"}],"version-history":[{"count":1,"href":"https:\/\/www.elsindical.com.ar\/notas\/wp-json\/wp\/v2\/posts\/75316\/revisions"}],"predecessor-version":[{"id":75317,"href":"https:\/\/www.elsindical.com.ar\/notas\/wp-json\/wp\/v2\/posts\/75316\/revisions\/75317"}],"wp:featuredmedia":[{"embeddable":true,"href":"https:\/\/www.elsindical.com.ar\/notas\/wp-json\/wp\/v2\/media\/74692"}],"wp:attachment":[{"href":"https:\/\/www.elsindical.com.ar\/notas\/wp-json\/wp\/v2\/media?parent=75316"}],"wp:term":[{"taxonomy":"category","embeddable":true,"href":"https:\/\/www.elsindical.com.ar\/notas\/wp-json\/wp\/v2\/categories?post=75316"},{"taxonomy":"post_tag","embeddable":true,"href":"https:\/\/www.elsindical.com.ar\/notas\/wp-json\/wp\/v2\/tags?post=75316"}],"curies":[{"name":"wp","href":"https:\/\/api.w.org\/{rel}","templated":true}]}}