{"id":75277,"date":"2018-01-04T17:17:47","date_gmt":"2018-01-04T20:17:47","guid":{"rendered":"http:\/\/www.elsindical.com.ar\/notas\/?p=75277"},"modified":"2018-01-04T17:17:47","modified_gmt":"2018-01-04T20:17:47","slug":"uruguay-detuvieron-al-titular-del-gremio-soeme-en-punta-del-este","status":"publish","type":"post","link":"https:\/\/www.elsindical.com.ar\/notas\/uruguay-detuvieron-al-titular-del-gremio-soeme-en-punta-del-este\/","title":{"rendered":"Uruguay: Detuvieron al titular del gremio SOEME en Punta del Este"},"content":{"rendered":"<p><em>\u00a0 <a href=\"http:\/\/www.elsindical.com.ar\/notas\/var\/www\/html\/notas\/wp-content\/uploads\/2018\/01\/Marcelo-Balcedo.jpg\"><img loading=\"lazy\" decoding=\"async\" class=\"alignnone size-medium wp-image-75280\" src=\"http:\/\/www.elsindical.com.ar\/notas\/var\/www\/html\/notas\/wp-content\/uploads\/2018\/01\/Marcelo-Balcedo-300x181.jpg\" alt=\"\" width=\"300\" height=\"181\" srcset=\"https:\/\/www.elsindical.com.ar\/notas\/var\/www\/html\/notas\/wp-content\/uploads\/2018\/01\/Marcelo-Balcedo-300x181.jpg 300w, https:\/\/www.elsindical.com.ar\/notas\/var\/www\/html\/notas\/wp-content\/uploads\/2018\/01\/Marcelo-Balcedo-498x300.jpg 498w, https:\/\/www.elsindical.com.ar\/notas\/var\/www\/html\/notas\/wp-content\/uploads\/2018\/01\/Marcelo-Balcedo.jpg 696w\" sizes=\"auto, (max-width: 300px) 100vw, 300px\" \/><\/a>El sindicalista argentino Marcelo Balcedo, secretario general del Sindicato de Obreros y Empleados de Minoridad y Educaci\u00f3n (SOEME), fue detenido este jueves junto a su mujer en la ciudad uruguaya de Punta del Este. La Justicia lo investiga por delitos tributarios y lavado de dinero.<\/em><\/p>\n<p>La detenci\u00f3n fue realizada en el marco de una causa radicada en el Juzgado en lo Criminal y Correccional N\u00b03 de la ciudad de La Plata, a cargo del juez Ernesto Kreplakm, en conjunto por parte de las Fuerzas de Seguridad y los Servicios de Inteligencia de Uruguay, Gendarmer\u00eda Nacional y la Agencia Federal de Inteligencia (AFI) de Argentina.<\/p>\n<p>Al momento de su detenci\u00f3n, Balcedo ten\u00eda en su poder USD 500 mil y diversas armas de fuego como una Pistola Glock 9mm; Rev\u00f3lver CTC 38; R\u00e9plica de AR 15 Calibre 22 \u2013marca Colt-. Por otra parte, se secuestraron numerosos autos de lujo, entre los que se destacan una Ferrari, un Mercedes Benz \u2013ambos con patente uruguaya-, un Porsche y un Chevrolet Corvette. Seg\u00fan los investigadores, con excepci\u00f3n del Porsche, cuyo titular es Paola Fiege, su mujer, ninguno de los otros rodados se encuentran registrados a su nombre. Tampoco fueron declarados ante la AFIP, al igual que el dinero confiscado ni una propiedad a metros del mar en Punta del Este.<\/p>\n<p>Al dirigente gremial lo detuvieron en el aeropuerto de Laguna del Sauce, al que arrib\u00f3 en un vuelo privado. La Justicia hab\u00eda ordenado la captura internacional de Balcedo y su pareja el pasado 25 de diciembre.<\/p>\n<p>Los investigadores tuvieron en cuenta un informe de la AFIP que revel\u00f3 que solo entre 2012 y 2013 se realizaron \u00aboperaciones de extracciones de dinero en efectivo sin verificaci\u00f3n por $53.532.221\u00bb en las arcas del gremio.<\/p>\n<p>Una presentaci\u00f3n de la UIF -adem\u00e1s- se\u00f1al\u00f3 a Balcedo junto con Mauricio Yebra, otro integrante del SOEME, quien a su vez se encuentra vinculado en una de las causas contra Los Monos, la banda rosarina dedicada al narcotr\u00e1fico. Catorce autos de alta gama -entre ellos BMW, Toyota Hilux, Volkswagen Vento, VW Passat y un Mini Cooper-, manejado por los miembros de Los Monos, se encontraban registrados a nombre de Yebra.<\/p>\n<p>El Secretario General del SOEME ya contaba con antecedentes judiciales, con fuga incluida. En 2007, se profug\u00f3 cuando el juez de Garant\u00edas Guillermo Atencio orden\u00f3 su detenci\u00f3n en una causa que investigaba dos hechos de presunta extorsi\u00f3n a legisladores con el aparente prop\u00f3sito de obtener favores del Estado.<\/p>\n<p>Ingeniero, con un m\u00e1ster en Comunicaciones en Washington, Marcelo Balcedo asumi\u00f3 el cargo que dej\u00f3 su pap\u00e1, Antonio Balcedo. Esa movida fue criticada por un sector del sindicato porque la Secretar\u00eda General no es un cargo hereditario. Sus primeras decisiones fueron igual de pol\u00e9micas: encar\u00f3 una etapa de afiliaci\u00f3n compulsiva e irregular de 8 mil empleados del \u00e1rea administrativa del Ministerio de Educaci\u00f3n de la provincia de Buenos Aires, en ese entonces a cargo de Mario Oporto.<\/p>\n<p>A su vez, durante los primeros meses de la gesti\u00f3n de Mar\u00eda Eugenia Vidal en la provincia de Buenos Aires, el SOEME se transform\u00f3 en una piedra en el zapato para el entonces ministro de Educaci\u00f3n bonaerense Alejandro Finocchiaro. Es que pese a que los gremios docentes hab\u00edan cerrado paritarias y se hab\u00edan comprometido a dar clases, personal auxiliar que realizaba tareas de limpieza y respond\u00eda a SOEME dej\u00f3 sin clases a los chicos durante casi un mes en varios colegios.<\/p>\n<p><a href=\"http:\/\/www.elsindical.com.ar\/notas\/var\/www\/html\/notas\/wp-content\/uploads\/2018\/01\/caja-fuerte-d\u00f3lares.jpg\"><img loading=\"lazy\" decoding=\"async\" class=\"alignnone size-medium wp-image-75281\" src=\"http:\/\/www.elsindical.com.ar\/notas\/var\/www\/html\/notas\/wp-content\/uploads\/2018\/01\/caja-fuerte-d\u00f3lares-300x176.jpg\" alt=\"\" width=\"300\" height=\"176\" srcset=\"https:\/\/www.elsindical.com.ar\/notas\/var\/www\/html\/notas\/wp-content\/uploads\/2018\/01\/caja-fuerte-d\u00f3lares-300x176.jpg 300w, https:\/\/www.elsindical.com.ar\/notas\/var\/www\/html\/notas\/wp-content\/uploads\/2018\/01\/caja-fuerte-d\u00f3lares-500x294.jpg 500w, https:\/\/www.elsindical.com.ar\/notas\/var\/www\/html\/notas\/wp-content\/uploads\/2018\/01\/caja-fuerte-d\u00f3lares.jpg 717w\" sizes=\"auto, (max-width: 300px) 100vw, 300px\" \/><\/a> <a href=\"http:\/\/www.elsindical.com.ar\/notas\/var\/www\/html\/notas\/wp-content\/uploads\/2018\/01\/armas-de-Balcedo.jpg\"><img loading=\"lazy\" decoding=\"async\" class=\"alignnone size-medium wp-image-75279\" src=\"http:\/\/www.elsindical.com.ar\/notas\/var\/www\/html\/notas\/wp-content\/uploads\/2018\/01\/armas-de-Balcedo-300x212.jpg\" alt=\"\" width=\"300\" height=\"212\" srcset=\"https:\/\/www.elsindical.com.ar\/notas\/var\/www\/html\/notas\/wp-content\/uploads\/2018\/01\/armas-de-Balcedo-300x212.jpg 300w, https:\/\/www.elsindical.com.ar\/notas\/var\/www\/html\/notas\/wp-content\/uploads\/2018\/01\/armas-de-Balcedo-424x300.jpg 424w, https:\/\/www.elsindical.com.ar\/notas\/var\/www\/html\/notas\/wp-content\/uploads\/2018\/01\/armas-de-Balcedo.jpg 749w\" sizes=\"auto, (max-width: 300px) 100vw, 300px\" \/><\/a> <a href=\"http:\/\/www.elsindical.com.ar\/notas\/var\/www\/html\/notas\/wp-content\/uploads\/2018\/01\/autos-secuestrados.jpg\"><img loading=\"lazy\" decoding=\"async\" class=\"alignnone size-medium wp-image-75278\" src=\"http:\/\/www.elsindical.com.ar\/notas\/var\/www\/html\/notas\/wp-content\/uploads\/2018\/01\/autos-secuestrados-271x300.jpg\" alt=\"\" width=\"271\" height=\"300\" srcset=\"https:\/\/www.elsindical.com.ar\/notas\/var\/www\/html\/notas\/wp-content\/uploads\/2018\/01\/autos-secuestrados-271x300.jpg 271w, https:\/\/www.elsindical.com.ar\/notas\/var\/www\/html\/notas\/wp-content\/uploads\/2018\/01\/autos-secuestrados.jpg 768w\" sizes=\"auto, (max-width: 271px) 100vw, 271px\" \/><\/a><\/p>\n","protected":false},"excerpt":{"rendered":"<p>\u00a0 El sindicalista argentino Marcelo Balcedo, secretario general del Sindicato de Obreros y Empleados de Minoridad y Educaci\u00f3n (SOEME), fue detenido este jueves junto a su mujer en la ciudad uruguaya de Punta del Este. La Justicia lo investiga por delitos tributarios y lavado de dinero. La detenci\u00f3n fue realizada en el marco de una&hellip;<\/p>\n","protected":false},"author":1,"featured_media":75280,"comment_status":"open","ping_status":"open","sticky":false,"template":"","format":"standard","meta":{"footnotes":""},"categories":[18],"tags":[69,23400,23175],"class_list":["post-75277","post","type-post","status-publish","format-standard","has-post-thumbnail","hentry","category-internacionales","tag-afip","tag-marcelo-balcedo","tag-soeme"],"_links":{"self":[{"href":"https:\/\/www.elsindical.com.ar\/notas\/wp-json\/wp\/v2\/posts\/75277","targetHints":{"allow":["GET"]}}],"collection":[{"href":"https:\/\/www.elsindical.com.ar\/notas\/wp-json\/wp\/v2\/posts"}],"about":[{"href":"https:\/\/www.elsindical.com.ar\/notas\/wp-json\/wp\/v2\/types\/post"}],"author":[{"embeddable":true,"href":"https:\/\/www.elsindical.com.ar\/notas\/wp-json\/wp\/v2\/users\/1"}],"replies":[{"embeddable":true,"href":"https:\/\/www.elsindical.com.ar\/notas\/wp-json\/wp\/v2\/comments?post=75277"}],"version-history":[{"count":1,"href":"https:\/\/www.elsindical.com.ar\/notas\/wp-json\/wp\/v2\/posts\/75277\/revisions"}],"predecessor-version":[{"id":75282,"href":"https:\/\/www.elsindical.com.ar\/notas\/wp-json\/wp\/v2\/posts\/75277\/revisions\/75282"}],"wp:featuredmedia":[{"embeddable":true,"href":"https:\/\/www.elsindical.com.ar\/notas\/wp-json\/wp\/v2\/media\/75280"}],"wp:attachment":[{"href":"https:\/\/www.elsindical.com.ar\/notas\/wp-json\/wp\/v2\/media?parent=75277"}],"wp:term":[{"taxonomy":"category","embeddable":true,"href":"https:\/\/www.elsindical.com.ar\/notas\/wp-json\/wp\/v2\/categories?post=75277"},{"taxonomy":"post_tag","embeddable":true,"href":"https:\/\/www.elsindical.com.ar\/notas\/wp-json\/wp\/v2\/tags?post=75277"}],"curies":[{"name":"wp","href":"https:\/\/api.w.org\/{rel}","templated":true}]}}