{"id":75274,"date":"2018-01-04T16:47:24","date_gmt":"2018-01-04T19:47:24","guid":{"rendered":"http:\/\/www.elsindical.com.ar\/notas\/?p=75274"},"modified":"2018-01-04T16:47:24","modified_gmt":"2018-01-04T19:47:24","slug":"mas-de-100-mil-usuarios-sin-energia-electrica","status":"publish","type":"post","link":"https:\/\/www.elsindical.com.ar\/notas\/mas-de-100-mil-usuarios-sin-energia-electrica\/","title":{"rendered":"M\u00e1s de 100 mil usuarios sin energ\u00eda el\u00e9ctrica"},"content":{"rendered":"<p><em><a href=\"http:\/\/www.elsindical.com.ar\/notas\/var\/www\/html\/notas\/wp-content\/uploads\/2018\/01\/corte-de-luz-gen\u00e9rico.jpg\"><img loading=\"lazy\" decoding=\"async\" class=\"alignnone size-medium wp-image-75275\" src=\"http:\/\/www.elsindical.com.ar\/notas\/var\/www\/html\/notas\/wp-content\/uploads\/2018\/01\/corte-de-luz-gen\u00e9rico-300x169.jpg\" alt=\"\" width=\"300\" height=\"169\" srcset=\"https:\/\/www.elsindical.com.ar\/notas\/var\/www\/html\/notas\/wp-content\/uploads\/2018\/01\/corte-de-luz-gen\u00e9rico-300x169.jpg 300w, https:\/\/www.elsindical.com.ar\/notas\/var\/www\/html\/notas\/wp-content\/uploads\/2018\/01\/corte-de-luz-gen\u00e9rico-768x432.jpg 768w, https:\/\/www.elsindical.com.ar\/notas\/var\/www\/html\/notas\/wp-content\/uploads\/2018\/01\/corte-de-luz-gen\u00e9rico-500x281.jpg 500w, https:\/\/www.elsindical.com.ar\/notas\/var\/www\/html\/notas\/wp-content\/uploads\/2018\/01\/corte-de-luz-gen\u00e9rico-460x260.jpg 460w, https:\/\/www.elsindical.com.ar\/notas\/var\/www\/html\/notas\/wp-content\/uploads\/2018\/01\/corte-de-luz-gen\u00e9rico.jpg 790w\" sizes=\"auto, (max-width: 300px) 100vw, 300px\" \/><\/a>\u00a0 Los cortes de luz siguen afectando a miles de vecinos de Capital Federal y el Conurbano. Las empresas distribuidoras de energ\u00eda el\u00e9ctrica siguen sin dar respuestas.<\/em><\/p>\n<p>Los cortes de luz siguen afectando a miles de usuarios de Edesur y Edenor: en los primeros d\u00edas del a\u00f1o, alrededor de 100 mil personas estuvieron sin servicio.<\/p>\n<p>Pese a que en la jornada del jueves la cifra disminuy\u00f3, la cantidad de usuarios sin energ\u00eda el\u00e9ctrica sigue siendo muy considerable.<\/p>\n<p>Las altas temperaturas, sumado a que en muchos edificios tambi\u00e9n queda afectado el servicio de agua, hace muy dif\u00edcil la vida miles de personas.<\/p>\n","protected":false},"excerpt":{"rendered":"<p>\u00a0 Los cortes de luz siguen afectando a miles de vecinos de Capital Federal y el Conurbano. Las empresas distribuidoras de energ\u00eda el\u00e9ctrica siguen sin dar respuestas. Los cortes de luz siguen afectando a miles de usuarios de Edesur y Edenor: en los primeros d\u00edas del a\u00f1o, alrededor de 100 mil personas estuvieron sin servicio.&hellip;<\/p>\n","protected":false},"author":1,"featured_media":75275,"comment_status":"open","ping_status":"open","sticky":false,"template":"","format":"standard","meta":{"footnotes":""},"categories":[25],"tags":[14978,2973,374,376],"class_list":["post-75274","post","type-post","status-publish","format-standard","has-post-thumbnail","hentry","category-sociedad","tag-corte-de-energia-electrica","tag-edenor","tag-edesur","tag-usuarios"],"_links":{"self":[{"href":"https:\/\/www.elsindical.com.ar\/notas\/wp-json\/wp\/v2\/posts\/75274","targetHints":{"allow":["GET"]}}],"collection":[{"href":"https:\/\/www.elsindical.com.ar\/notas\/wp-json\/wp\/v2\/posts"}],"about":[{"href":"https:\/\/www.elsindical.com.ar\/notas\/wp-json\/wp\/v2\/types\/post"}],"author":[{"embeddable":true,"href":"https:\/\/www.elsindical.com.ar\/notas\/wp-json\/wp\/v2\/users\/1"}],"replies":[{"embeddable":true,"href":"https:\/\/www.elsindical.com.ar\/notas\/wp-json\/wp\/v2\/comments?post=75274"}],"version-history":[{"count":1,"href":"https:\/\/www.elsindical.com.ar\/notas\/wp-json\/wp\/v2\/posts\/75274\/revisions"}],"predecessor-version":[{"id":75276,"href":"https:\/\/www.elsindical.com.ar\/notas\/wp-json\/wp\/v2\/posts\/75274\/revisions\/75276"}],"wp:featuredmedia":[{"embeddable":true,"href":"https:\/\/www.elsindical.com.ar\/notas\/wp-json\/wp\/v2\/media\/75275"}],"wp:attachment":[{"href":"https:\/\/www.elsindical.com.ar\/notas\/wp-json\/wp\/v2\/media?parent=75274"}],"wp:term":[{"taxonomy":"category","embeddable":true,"href":"https:\/\/www.elsindical.com.ar\/notas\/wp-json\/wp\/v2\/categories?post=75274"},{"taxonomy":"post_tag","embeddable":true,"href":"https:\/\/www.elsindical.com.ar\/notas\/wp-json\/wp\/v2\/tags?post=75274"}],"curies":[{"name":"wp","href":"https:\/\/api.w.org\/{rel}","templated":true}]}}