{"id":75269,"date":"2018-01-04T00:59:28","date_gmt":"2018-01-04T03:59:28","guid":{"rendered":"http:\/\/www.elsindical.com.ar\/notas\/?p=75269"},"modified":"2018-01-04T00:59:28","modified_gmt":"2018-01-04T03:59:28","slug":"golpe-al-bolsillo-aumentan-taxis-acarreos-parquimetros-y-vtv","status":"publish","type":"post","link":"https:\/\/www.elsindical.com.ar\/notas\/golpe-al-bolsillo-aumentan-taxis-acarreos-parquimetros-y-vtv\/","title":{"rendered":"Golpe al bolsillo: aumentan taxis, acarreos, parqu\u00edmetros y VTV"},"content":{"rendered":"<p><em>\u00a0<a href=\"http:\/\/www.elsindical.com.ar\/notas\/var\/www\/html\/notas\/wp-content\/uploads\/2013\/11\/estacionamiento-y-gr\u00faas.jpg\"><img loading=\"lazy\" decoding=\"async\" class=\"alignnone size-medium wp-image-39051\" src=\"http:\/\/www.elsindical.com.ar\/notas\/var\/www\/html\/notas\/wp-content\/uploads\/2013\/11\/estacionamiento-y-gr\u00faas-300x175.jpg\" alt=\"\" width=\"300\" height=\"175\" srcset=\"https:\/\/www.elsindical.com.ar\/notas\/var\/www\/html\/notas\/wp-content\/uploads\/2013\/11\/estacionamiento-y-gr\u00faas-300x175.jpg 300w, https:\/\/www.elsindical.com.ar\/notas\/var\/www\/html\/notas\/wp-content\/uploads\/2013\/11\/estacionamiento-y-gr\u00faas-500x292.jpg 500w, https:\/\/www.elsindical.com.ar\/notas\/var\/www\/html\/notas\/wp-content\/uploads\/2013\/11\/estacionamiento-y-gr\u00faas.jpg 531w\" sizes=\"auto, (max-width: 300px) 100vw, 300px\" \/><\/a> Los taxis subir\u00e1n un 18%, pero no ser\u00e1 el \u00fanico aumento. El estacionamiento medido, la VTV y el acarreo tambi\u00e9n sufrir\u00e1n fuertes incrementos que deber\u00e1n ser aprobados en audiencias p\u00fablicas para entrar en vigencia.<\/em><\/p>\n<p>Los taxis, el estacionamiento medido, la Verificaci\u00f3n T\u00e9cnica Vehicular (VTV) y el acarreo, tambi\u00e9n sufrir\u00e1n fuertes aumentos en la Ciudad de Buenos Aires.<\/p>\n<p>El Ministerio de Desarrollo Urbano y Transporte de la Ciudad present\u00f3 una propuesta de readecuaci\u00f3n tarifaria, que debe ser tratada en audiencias, en fechas a determinar.<\/p>\n<p>La intenci\u00f3n del Gobierno porte\u00f1o es que los taxis pase a tener una bajada de bandera diurna de $32,60 y la ficha de $3,26, mientras que de noche costar\u00e1n $39,10 y $3,91 respectivamente.<\/p>\n<p>Con relaci\u00f3n al estacionamiento medido, el objetivo es reemplazar las tickeadoras actuales por 2.200 terminales y la posibilidad de pagar, renovar y encontrar lugar desde el celular.<\/p>\n<p>De esta manera, el 78% de los lugares habilitados para estacionar (alrededor de 284 mil) continuar\u00e1n siendo gratuitos, mientras que el 22% (unos 80 mil) ser\u00e1n pagos.<\/p>\n<p>La hora de estacionamiento medido pasar\u00e1 de $8 a $10 y habr\u00e1 tres tipos de tarifas sobre la base de la demanda de cada zona: progresiva 1, progresiva 2 y sencilla.<\/p>\n<p>Las nuevas terminales estar\u00e1n en funcionamiento en el segundo semestre del a\u00f1o y ser\u00e1n 100% electr\u00f3nicas: permitir\u00e1n el pago con tarjeta de cr\u00e9dito, d\u00e9bito y SUBE, y se reemplazar\u00e1 el ticket en papel por una factura digital, seg\u00fan inform\u00f3 el Ejecutivo porte\u00f1o. Esas m\u00e1quinas permitir\u00e1n tambi\u00e9n el pago de servicios y la carga de SUBE, entre otras operaciones.<\/p>\n<p>El Gobierno de la Ciudad destac\u00f3 que desde una aplicaci\u00f3n para celulares \u00abse podr\u00e1 renovar el tiempo de estacionamiento de manera remota y acceder a un mapa de oferta para conocer la disponibilidad de espacios libres en la v\u00eda p\u00fablica\u00bb.<\/p>\n<p>Por su parte, las tarifas de la VTV y el acarreo ser\u00e1n ajustadas: en el primer caso ser\u00e1 de $931 para autom\u00f3viles y de $348 para motos, mientras que en el segundo, de $950.<\/p>\n<p>Todos estos aumentos se suman al que este mi\u00e9rcoles anticip\u00f3 el ministro de Transporte de la Naci\u00f3n, Guillermo Dietrich, para el servicio de subtes: el precio del pasaje ser\u00e1 de $11 en abril y de $12,50 a partir de junio, pero el ajuste debe ser tratado en audiencia p\u00fablica.<\/p>\n<p>En este caso se mantendr\u00e1 la tarifa escalonada que beneficia a los pasajeros frecuentes: quienes realicen m\u00e1s de 41 viajes mensuales, en abril pagar\u00e1n $6,60 por cada viaje.<\/p>\n","protected":false},"excerpt":{"rendered":"<p>\u00a0 Los taxis subir\u00e1n un 18%, pero no ser\u00e1 el \u00fanico aumento. El estacionamiento medido, la VTV y el acarreo tambi\u00e9n sufrir\u00e1n fuertes incrementos que deber\u00e1n ser aprobados en audiencias p\u00fablicas para entrar en vigencia. Los taxis, el estacionamiento medido, la Verificaci\u00f3n T\u00e9cnica Vehicular (VTV) y el acarreo, tambi\u00e9n sufrir\u00e1n fuertes aumentos en la Ciudad&hellip;<\/p>\n","protected":false},"author":1,"featured_media":39051,"comment_status":"open","ping_status":"open","sticky":false,"template":"","format":"standard","meta":{"footnotes":""},"categories":[9],"tags":[28101,28102,8186,999,21849],"class_list":["post-75269","post","type-post","status-publish","format-standard","has-post-thumbnail","hentry","category-economia","tag-acarreos","tag-parquimetros","tag-sube","tag-taxis","tag-vtv"],"_links":{"self":[{"href":"https:\/\/www.elsindical.com.ar\/notas\/wp-json\/wp\/v2\/posts\/75269","targetHints":{"allow":["GET"]}}],"collection":[{"href":"https:\/\/www.elsindical.com.ar\/notas\/wp-json\/wp\/v2\/posts"}],"about":[{"href":"https:\/\/www.elsindical.com.ar\/notas\/wp-json\/wp\/v2\/types\/post"}],"author":[{"embeddable":true,"href":"https:\/\/www.elsindical.com.ar\/notas\/wp-json\/wp\/v2\/users\/1"}],"replies":[{"embeddable":true,"href":"https:\/\/www.elsindical.com.ar\/notas\/wp-json\/wp\/v2\/comments?post=75269"}],"version-history":[{"count":1,"href":"https:\/\/www.elsindical.com.ar\/notas\/wp-json\/wp\/v2\/posts\/75269\/revisions"}],"predecessor-version":[{"id":75270,"href":"https:\/\/www.elsindical.com.ar\/notas\/wp-json\/wp\/v2\/posts\/75269\/revisions\/75270"}],"wp:featuredmedia":[{"embeddable":true,"href":"https:\/\/www.elsindical.com.ar\/notas\/wp-json\/wp\/v2\/media\/39051"}],"wp:attachment":[{"href":"https:\/\/www.elsindical.com.ar\/notas\/wp-json\/wp\/v2\/media?parent=75269"}],"wp:term":[{"taxonomy":"category","embeddable":true,"href":"https:\/\/www.elsindical.com.ar\/notas\/wp-json\/wp\/v2\/categories?post=75269"},{"taxonomy":"post_tag","embeddable":true,"href":"https:\/\/www.elsindical.com.ar\/notas\/wp-json\/wp\/v2\/tags?post=75269"}],"curies":[{"name":"wp","href":"https:\/\/api.w.org\/{rel}","templated":true}]}}