{"id":75264,"date":"2018-01-03T08:38:06","date_gmt":"2018-01-03T11:38:06","guid":{"rendered":"http:\/\/www.elsindical.com.ar\/notas\/?p=75264"},"modified":"2018-01-03T08:38:06","modified_gmt":"2018-01-03T11:38:06","slug":"reducen-domiciliaria-de-caballo-suarez","status":"publish","type":"post","link":"https:\/\/www.elsindical.com.ar\/notas\/reducen-domiciliaria-de-caballo-suarez\/","title":{"rendered":"Reducen domiciliaria de \u00abCaballo\u00bb Su\u00e1rez"},"content":{"rendered":"<p><em>\u00a0 <a href=\"http:\/\/www.elsindical.com.ar\/notas\/var\/www\/html\/notas\/wp-content\/uploads\/2017\/12\/Omar-Su\u00e1rez-prisi\u00f3n.jpg\"><img loading=\"lazy\" decoding=\"async\" class=\"alignnone size-medium wp-image-75205\" src=\"http:\/\/www.elsindical.com.ar\/notas\/var\/www\/html\/notas\/wp-content\/uploads\/2017\/12\/Omar-Su\u00e1rez-prisi\u00f3n-300x179.jpg\" alt=\"\" width=\"300\" height=\"179\" srcset=\"https:\/\/www.elsindical.com.ar\/notas\/var\/www\/html\/notas\/wp-content\/uploads\/2017\/12\/Omar-Su\u00e1rez-prisi\u00f3n-300x179.jpg 300w, https:\/\/www.elsindical.com.ar\/notas\/var\/www\/html\/notas\/wp-content\/uploads\/2017\/12\/Omar-Su\u00e1rez-prisi\u00f3n-768x459.jpg 768w, https:\/\/www.elsindical.com.ar\/notas\/var\/www\/html\/notas\/wp-content\/uploads\/2017\/12\/Omar-Su\u00e1rez-prisi\u00f3n-1024x612.jpg 1024w, https:\/\/www.elsindical.com.ar\/notas\/var\/www\/html\/notas\/wp-content\/uploads\/2017\/12\/Omar-Su\u00e1rez-prisi\u00f3n-500x300.jpg 500w, https:\/\/www.elsindical.com.ar\/notas\/var\/www\/html\/notas\/wp-content\/uploads\/2017\/12\/Omar-Su\u00e1rez-prisi\u00f3n.jpg 1027w\" sizes=\"auto, (max-width: 300px) 100vw, 300px\" \/><\/a>El fiscal Gerardo Pollicita apel\u00f3 el arresto domiciliario del sindicalista de los mar\u00edtimos Omar Su\u00e1rez, quien fue autorizado por el juez Luis Rodr\u00edguez a dejar la prisi\u00f3n de Marcos Paz para alojarse en una lujosa residencia de Olivos, que ser\u00eda propiedad de su hija.<\/em><\/p>\n<p>El fiscal cuestion\u00f3 la evaluaci\u00f3n que hizo Rodr\u00edguez sobre la adicci\u00f3n al alcohol del ex titular del gremio de los mar\u00edtimos, acusado de liderar una presunta asociaci\u00f3n il\u00edcita para extorsionar a empresarios y administrar de modo fraudulento la obra social del sindicato.<\/p>\n<p>Adem\u00e1s, Pollicita pidi\u00f3 que se proh\u00edba <em>\u00abel ingreso de bebidas alcoh\u00f3licas\u00bb <\/em>al domicilio actual de Su\u00e1rez, donde pas\u00f3 A\u00f1o Nuevo, luego de que el viernes, tras el inicio de la feria judicial de verano, el juez Rodr\u00edguez le concediera el arresto domiciliario. Tambi\u00e9n pidi\u00f3 que haya registro directo de los ingresos y egresos a la vivienda, con nombre, apellido y n\u00famero de documento, fecha y horario de la visita.<\/p>\n<p>Si bien el juez orden\u00f3 que se le colocara al detenido una tobillera electr\u00f3nica, Su\u00e1rez sali\u00f3 del penal sin este requisito. En la tarde del martes, Rodr\u00edguez accedi\u00f3 a los pedidos, y orden\u00f3 todas las medidas que reclam\u00f3 Pollicita para custodiar la prisi\u00f3n domiciliaria.<\/p>\n<p>Al excarcelarlo, el juez Rodr\u00edguez consider\u00f3 cierto que el sindicalista sufre de alcoholismo desde hace casi tres d\u00e9cadas, y que tomar\u00eda casi cinco litros por d\u00eda.<\/p>\n<p><em>\u00abSin perjuicio de la impresi\u00f3n personal que el imputado haya causado sobre el juez que le otorg\u00f3 el arresto domiciliario, considero que el estado de salud de Su\u00e1rez debe ser analizado en base a la informaci\u00f3n m\u00e9dica agregada a la causa\u00bb<\/em>, subray\u00f3 el fiscal en la apelaci\u00f3n.<\/p>\n<p>El juez titular del caso, <strong>Rodolfo Canicoba Corral,<\/strong> hab\u00eda rechazado la detenci\u00f3n domiciliaria en cuatro ocasiones desde que orden\u00f3 detener a Su\u00e1rez, en septiembre de 2016.<\/p>\n<p>En un extenso dictamen, el fiscal enumer\u00f3 adem\u00e1s episodios en los que Su\u00e1rez se neg\u00f3 a ingerir <em>\u00abalimentos prescriptos de acuerdo con su patolog\u00eda y proporcionados por la unidad penitenciaria\u00bb<\/em>, o a concurrir a <em>\u00abdeterminadas interconsultas programadas en instituciones extramuros\u00bb<\/em>.<\/p>\n<p>Adem\u00e1s, el fiscal subray\u00f3 que <em>\u00abse impone se\u00f1alar que el cuadro de alcoholismo que supuestamente habr\u00eda padecido Su\u00e1rez no surge de ninguno de los informes m\u00e9dicos practicados\u00bb<\/em> desde su detenci\u00f3n.<\/p>\n","protected":false},"excerpt":{"rendered":"<p>\u00a0 El fiscal Gerardo Pollicita apel\u00f3 el arresto domiciliario del sindicalista de los mar\u00edtimos Omar Su\u00e1rez, quien fue autorizado por el juez Luis Rodr\u00edguez a dejar la prisi\u00f3n de Marcos Paz para alojarse en una lujosa residencia de Olivos, que ser\u00eda propiedad de su hija. El fiscal cuestion\u00f3 la evaluaci\u00f3n que hizo Rodr\u00edguez sobre la&hellip;<\/p>\n","protected":false},"author":1,"featured_media":75205,"comment_status":"open","ping_status":"open","sticky":false,"template":"","format":"standard","meta":{"footnotes":""},"categories":[20],"tags":[18163,1249,4075,3879],"class_list":["post-75264","post","type-post","status-publish","format-standard","has-post-thumbnail","hentry","category-judiciales","tag-fiscal-gerardo-pollicita","tag-marcos-paz","tag-omar-suarez","tag-prision-domiciliaria"],"_links":{"self":[{"href":"https:\/\/www.elsindical.com.ar\/notas\/wp-json\/wp\/v2\/posts\/75264","targetHints":{"allow":["GET"]}}],"collection":[{"href":"https:\/\/www.elsindical.com.ar\/notas\/wp-json\/wp\/v2\/posts"}],"about":[{"href":"https:\/\/www.elsindical.com.ar\/notas\/wp-json\/wp\/v2\/types\/post"}],"author":[{"embeddable":true,"href":"https:\/\/www.elsindical.com.ar\/notas\/wp-json\/wp\/v2\/users\/1"}],"replies":[{"embeddable":true,"href":"https:\/\/www.elsindical.com.ar\/notas\/wp-json\/wp\/v2\/comments?post=75264"}],"version-history":[{"count":1,"href":"https:\/\/www.elsindical.com.ar\/notas\/wp-json\/wp\/v2\/posts\/75264\/revisions"}],"predecessor-version":[{"id":75265,"href":"https:\/\/www.elsindical.com.ar\/notas\/wp-json\/wp\/v2\/posts\/75264\/revisions\/75265"}],"wp:featuredmedia":[{"embeddable":true,"href":"https:\/\/www.elsindical.com.ar\/notas\/wp-json\/wp\/v2\/media\/75205"}],"wp:attachment":[{"href":"https:\/\/www.elsindical.com.ar\/notas\/wp-json\/wp\/v2\/media?parent=75264"}],"wp:term":[{"taxonomy":"category","embeddable":true,"href":"https:\/\/www.elsindical.com.ar\/notas\/wp-json\/wp\/v2\/categories?post=75264"},{"taxonomy":"post_tag","embeddable":true,"href":"https:\/\/www.elsindical.com.ar\/notas\/wp-json\/wp\/v2\/tags?post=75264"}],"curies":[{"name":"wp","href":"https:\/\/api.w.org\/{rel}","templated":true}]}}