{"id":75234,"date":"2018-01-01T13:45:32","date_gmt":"2018-01-01T16:45:32","guid":{"rendered":"http:\/\/www.elsindical.com.ar\/notas\/?p=75234"},"modified":"2018-01-01T13:45:32","modified_gmt":"2018-01-01T16:45:32","slug":"internaron-de-urgencia-a-chano","status":"publish","type":"post","link":"https:\/\/www.elsindical.com.ar\/notas\/internaron-de-urgencia-a-chano\/","title":{"rendered":"Internaron de urgencia a \u00abChano\u00bb"},"content":{"rendered":"<p><em><a href=\"http:\/\/www.elsindical.com.ar\/notas\/var\/www\/html\/notas\/wp-content\/uploads\/2015\/08\/Chano.jpg\"><img loading=\"lazy\" decoding=\"async\" class=\"alignnone size-medium wp-image-53102\" src=\"http:\/\/www.elsindical.com.ar\/notas\/var\/www\/html\/notas\/wp-content\/uploads\/2015\/08\/Chano-300x201.jpg\" alt=\"\" width=\"300\" height=\"201\" srcset=\"https:\/\/www.elsindical.com.ar\/notas\/var\/www\/html\/notas\/wp-content\/uploads\/2015\/08\/Chano-300x201.jpg 300w, https:\/\/www.elsindical.com.ar\/notas\/var\/www\/html\/notas\/wp-content\/uploads\/2015\/08\/Chano-448x300.jpg 448w, https:\/\/www.elsindical.com.ar\/notas\/var\/www\/html\/notas\/wp-content\/uploads\/2015\/08\/Chano.jpg 620w\" sizes=\"auto, (max-width: 300px) 100vw, 300px\" \/><\/a>\u00a0 El cantante sufri\u00f3 un cuadro hipertensi\u00f3n y un brote psic\u00f3tico en su casa de Capilla del Se\u00f1or. R\u00e1pidamente fue trasladado al hospital Austral de Pilar.<\/em><\/p>\n<p>El final del 2017 no pod\u00eda ser peor para Chano Charpentier. En las \u00faltimas horas del 31 de diciembre, el cantante fue internado de urgencia en el hospital Austral de Pilar luego de sufrir un cuadro de hipertensi\u00f3n y un brote psic\u00f3tico.<\/p>\n<p>La periodista Fernanda Iglesias inform\u00f3 en su Twitter: \u00abChano atendido de urgencia en su casa de Capilla del Se\u00f1or. Hipertensi\u00f3n y cuadro psic\u00f3tico. Estar\u00eda internado en el Hospital Austral de Pilar. Su hermano suspendi\u00f3 un vivo para ir a verlo\u00bb.<\/p>\n<p>Bambi, hermano de Chano, inform\u00f3 en su Twitter que no har\u00eda un vivo en Facebook por problemas familiares: \u00abQueridos amigos&#8230; por motivos personales voy a tener que posponer la transmisi\u00f3n. Espero puedan comprender\u00bb.<\/p>\n","protected":false},"excerpt":{"rendered":"<p>\u00a0 El cantante sufri\u00f3 un cuadro hipertensi\u00f3n y un brote psic\u00f3tico en su casa de Capilla del Se\u00f1or. R\u00e1pidamente fue trasladado al hospital Austral de Pilar. El final del 2017 no pod\u00eda ser peor para Chano Charpentier. En las \u00faltimas horas del 31 de diciembre, el cantante fue internado de urgencia en el hospital Austral&hellip;<\/p>\n","protected":false},"author":1,"featured_media":53102,"comment_status":"open","ping_status":"open","sticky":false,"template":"","format":"standard","meta":{"footnotes":""},"categories":[15],"tags":[22745,10446,28090,18300,28091],"class_list":["post-75234","post","type-post","status-publish","format-standard","has-post-thumbnail","hentry","category-espectaculos","tag-brote-psicotico","tag-capilla-del-senor","tag-chano-charpentier","tag-hipertension","tag-hospital-austral-de-pilar"],"_links":{"self":[{"href":"https:\/\/www.elsindical.com.ar\/notas\/wp-json\/wp\/v2\/posts\/75234","targetHints":{"allow":["GET"]}}],"collection":[{"href":"https:\/\/www.elsindical.com.ar\/notas\/wp-json\/wp\/v2\/posts"}],"about":[{"href":"https:\/\/www.elsindical.com.ar\/notas\/wp-json\/wp\/v2\/types\/post"}],"author":[{"embeddable":true,"href":"https:\/\/www.elsindical.com.ar\/notas\/wp-json\/wp\/v2\/users\/1"}],"replies":[{"embeddable":true,"href":"https:\/\/www.elsindical.com.ar\/notas\/wp-json\/wp\/v2\/comments?post=75234"}],"version-history":[{"count":1,"href":"https:\/\/www.elsindical.com.ar\/notas\/wp-json\/wp\/v2\/posts\/75234\/revisions"}],"predecessor-version":[{"id":75235,"href":"https:\/\/www.elsindical.com.ar\/notas\/wp-json\/wp\/v2\/posts\/75234\/revisions\/75235"}],"wp:featuredmedia":[{"embeddable":true,"href":"https:\/\/www.elsindical.com.ar\/notas\/wp-json\/wp\/v2\/media\/53102"}],"wp:attachment":[{"href":"https:\/\/www.elsindical.com.ar\/notas\/wp-json\/wp\/v2\/media?parent=75234"}],"wp:term":[{"taxonomy":"category","embeddable":true,"href":"https:\/\/www.elsindical.com.ar\/notas\/wp-json\/wp\/v2\/categories?post=75234"},{"taxonomy":"post_tag","embeddable":true,"href":"https:\/\/www.elsindical.com.ar\/notas\/wp-json\/wp\/v2\/tags?post=75234"}],"curies":[{"name":"wp","href":"https:\/\/api.w.org\/{rel}","templated":true}]}}