{"id":75202,"date":"2017-12-30T15:29:24","date_gmt":"2017-12-30T18:29:24","guid":{"rendered":"http:\/\/www.elsindical.com.ar\/notas\/?p=75202"},"modified":"2017-12-30T15:29:24","modified_gmt":"2017-12-30T18:29:24","slug":"melconian-critica-el-rumbo-economico-ha-quedado-un-banco-central-mas-descolocado","status":"publish","type":"post","link":"https:\/\/www.elsindical.com.ar\/notas\/melconian-critica-el-rumbo-economico-ha-quedado-un-banco-central-mas-descolocado\/","title":{"rendered":"Melconian critica el rumbo econ\u00f3mico: \u00abHa quedado un Banco Central m\u00e1s descolocado\u00bb"},"content":{"rendered":"<p><em><span class=\"text description col-xs-8 col-lg-9\">\u00a0 <a href=\"http:\/\/www.elsindical.com.ar\/notas\/var\/www\/html\/notas\/wp-content\/uploads\/2017\/06\/Melconian-ojo.jpg\"><img loading=\"lazy\" decoding=\"async\" class=\"alignnone size-medium wp-image-68766\" src=\"http:\/\/www.elsindical.com.ar\/notas\/var\/www\/html\/notas\/wp-content\/uploads\/2017\/06\/Melconian-ojo-300x198.jpg\" alt=\"\" width=\"300\" height=\"198\" srcset=\"https:\/\/www.elsindical.com.ar\/notas\/var\/www\/html\/notas\/wp-content\/uploads\/2017\/06\/Melconian-ojo-300x198.jpg 300w, https:\/\/www.elsindical.com.ar\/notas\/var\/www\/html\/notas\/wp-content\/uploads\/2017\/06\/Melconian-ojo-768x507.jpg 768w, https:\/\/www.elsindical.com.ar\/notas\/var\/www\/html\/notas\/wp-content\/uploads\/2017\/06\/Melconian-ojo-1024x677.jpg 1024w, https:\/\/www.elsindical.com.ar\/notas\/var\/www\/html\/notas\/wp-content\/uploads\/2017\/06\/Melconian-ojo-454x300.jpg 454w, https:\/\/www.elsindical.com.ar\/notas\/var\/www\/html\/notas\/wp-content\/uploads\/2017\/06\/Melconian-ojo.jpg 1170w\" sizes=\"auto, (max-width: 300px) 100vw, 300px\" \/><\/a>El economista volvi\u00f3 a diferenciarse del rumbo econ\u00f3mico tomado por el Poder Ejecutivo y consider\u00f3 que el Central \u00abtendr\u00e1 que bajar la tasa de inter\u00e9s\u00bb en enero y \u00abhabr\u00e1 que ver d\u00f3nde se para el tipo de cambio\u00bb.<\/span><\/em><\/p>\n<p>El economista Carlos Melconian volvi\u00f3 a diferenciarse del rumbo econ\u00f3mico tomado por el Poder Ejecutivo, al afirmar que la suba de la meta de inflaci\u00f3n dej\u00f3 como consecuencia \u00abun Banco Central m\u00e1s descolocado\u00bb, en sinton\u00eda con los especialistas que cuestionaron la falta de autonom\u00eda de la autoridad monetaria.<\/p>\n<p>\u00abFue el blanqueo de lo que se sab\u00eda que no era. El responsable no es el Banco Central, el responsable es la pol\u00edtica econ\u00f3mica. Argentina est\u00e1 en una inflaci\u00f3n por mes dif\u00edcil de perforar. El calibramiento de 12 a 15% no arregla esto, es nada\u00bb, analiz\u00f3 sobre el reajuste de los objetivos inflacionarios.<\/p>\n<p>El ex presidente del Banco Naci\u00f3n consider\u00f3 que, tras el sinceramiento de las metas inflacionarias anunciadas por el jefe de Gabinete Marcos Pe\u00f1a y el equipo econ\u00f3mico, el Banco Central \u00abtendr\u00e1 que bajar la tasa de inter\u00e9s\u00bb en enero y \u00abhabr\u00e1 que ver d\u00f3nde se para el tipo de cambio\u00bb.<\/p>\n<p>\u00abEl tipo de cambio tiene demanda estacional de fin de a\u00f1o siempre. No s\u00e9 si la sube el Gobierno, si no la sube, si logr\u00f3 su objetivo\u00bb, sostuvo en di\u00e1logo con radio Mitre. Y se\u00f1al\u00f3 que la depreciaci\u00f3n del peso no resuelve los conflictos en torno a la pol\u00edtica econ\u00f3mica.<\/p>\n<p>\u201cHa quedado blanqueado un Banco Central m\u00e1s descolocado\u201d, afirm\u00f3.<\/p>\n<p>\u201cLa \u00fanica persona que lo veo al frente del desaf\u00edo fiscal en forma contundente con esa bandera es el Presidente. Si vos tiras toda la carne en el asador con un equipo de gobierno en una conferencia de prensa donde el tema central es que pasaste de 12 a 15 y el resto no se toca, estamos complicados\u201c, pronostic\u00f3.<\/p>\n<p>En su an\u00e1lisis, Melconian consider\u00f3 al cr\u00e9dito como un \u00abfactor no menor\u00bb en la pol\u00edtica econ\u00f3mica. \u00abEl cr\u00e9dito en el 2017 duplic\u00f3 la tasa de crecimiento de los dep\u00f3sitos. Al ala pol\u00edtica lo pone contento eso. Pero eso va en contra de cualquier proceso de desinflaci\u00f3n o baja de la tasa de inflaci\u00f3n. No va a ser sostenible en el tiempo\u00bb, apunt\u00f3, tras resaltar la paradoja de que el cr\u00e9dito \u00abexplotase\u00bb con una \u00abtasa de inter\u00e9s alt\u00edsima en Argentina\u00bb.<\/p>\n","protected":false},"excerpt":{"rendered":"<p>\u00a0 El economista volvi\u00f3 a diferenciarse del rumbo econ\u00f3mico tomado por el Poder Ejecutivo y consider\u00f3 que el Central \u00abtendr\u00e1 que bajar la tasa de inter\u00e9s\u00bb en enero y \u00abhabr\u00e1 que ver d\u00f3nde se para el tipo de cambio\u00bb. El economista Carlos Melconian volvi\u00f3 a diferenciarse del rumbo econ\u00f3mico tomado por el Poder Ejecutivo, al&hellip;<\/p>\n","protected":false},"author":1,"featured_media":68766,"comment_status":"open","ping_status":"open","sticky":false,"template":"","format":"standard","meta":{"footnotes":""},"categories":[9],"tags":[1539,25117,22023,4627],"class_list":["post-75202","post","type-post","status-publish","format-standard","has-post-thumbnail","hentry","category-economia","tag-banco-central","tag-carlos-melconian","tag-economia","tag-ejecutivo"],"_links":{"self":[{"href":"https:\/\/www.elsindical.com.ar\/notas\/wp-json\/wp\/v2\/posts\/75202","targetHints":{"allow":["GET"]}}],"collection":[{"href":"https:\/\/www.elsindical.com.ar\/notas\/wp-json\/wp\/v2\/posts"}],"about":[{"href":"https:\/\/www.elsindical.com.ar\/notas\/wp-json\/wp\/v2\/types\/post"}],"author":[{"embeddable":true,"href":"https:\/\/www.elsindical.com.ar\/notas\/wp-json\/wp\/v2\/users\/1"}],"replies":[{"embeddable":true,"href":"https:\/\/www.elsindical.com.ar\/notas\/wp-json\/wp\/v2\/comments?post=75202"}],"version-history":[{"count":1,"href":"https:\/\/www.elsindical.com.ar\/notas\/wp-json\/wp\/v2\/posts\/75202\/revisions"}],"predecessor-version":[{"id":75203,"href":"https:\/\/www.elsindical.com.ar\/notas\/wp-json\/wp\/v2\/posts\/75202\/revisions\/75203"}],"wp:featuredmedia":[{"embeddable":true,"href":"https:\/\/www.elsindical.com.ar\/notas\/wp-json\/wp\/v2\/media\/68766"}],"wp:attachment":[{"href":"https:\/\/www.elsindical.com.ar\/notas\/wp-json\/wp\/v2\/media?parent=75202"}],"wp:term":[{"taxonomy":"category","embeddable":true,"href":"https:\/\/www.elsindical.com.ar\/notas\/wp-json\/wp\/v2\/categories?post=75202"},{"taxonomy":"post_tag","embeddable":true,"href":"https:\/\/www.elsindical.com.ar\/notas\/wp-json\/wp\/v2\/tags?post=75202"}],"curies":[{"name":"wp","href":"https:\/\/api.w.org\/{rel}","templated":true}]}}