{"id":75117,"date":"2017-12-27T14:24:03","date_gmt":"2017-12-27T17:24:03","guid":{"rendered":"http:\/\/www.elsindical.com.ar\/notas\/?p=75117"},"modified":"2017-12-27T14:24:03","modified_gmt":"2017-12-27T17:24:03","slug":"pichetto-critico-la-politica-de-tasas-altisimas-del-banco-central","status":"publish","type":"post","link":"https:\/\/www.elsindical.com.ar\/notas\/pichetto-critico-la-politica-de-tasas-altisimas-del-banco-central\/","title":{"rendered":"Pichetto critic\u00f3 la pol\u00edtica \u00abde tasas alt\u00edsimas\u00bb del Banco Central"},"content":{"rendered":"<p><em>\u00a0<a href=\"http:\/\/www.elsindical.com.ar\/notas\/var\/www\/html\/notas\/wp-content\/uploads\/2017\/12\/Miguel-Pichetto-Senado.jpg\"><img loading=\"lazy\" decoding=\"async\" class=\"alignnone size-medium wp-image-75118\" src=\"http:\/\/www.elsindical.com.ar\/notas\/var\/www\/html\/notas\/wp-content\/uploads\/2017\/12\/Miguel-Pichetto-Senado-300x169.jpg\" alt=\"\" width=\"300\" height=\"169\" srcset=\"https:\/\/www.elsindical.com.ar\/notas\/var\/www\/html\/notas\/wp-content\/uploads\/2017\/12\/Miguel-Pichetto-Senado-300x169.jpg 300w, https:\/\/www.elsindical.com.ar\/notas\/var\/www\/html\/notas\/wp-content\/uploads\/2017\/12\/Miguel-Pichetto-Senado-768x434.jpg 768w, https:\/\/www.elsindical.com.ar\/notas\/var\/www\/html\/notas\/wp-content\/uploads\/2017\/12\/Miguel-Pichetto-Senado-500x282.jpg 500w, https:\/\/www.elsindical.com.ar\/notas\/var\/www\/html\/notas\/wp-content\/uploads\/2017\/12\/Miguel-Pichetto-Senado-460x260.jpg 460w, https:\/\/www.elsindical.com.ar\/notas\/var\/www\/html\/notas\/wp-content\/uploads\/2017\/12\/Miguel-Pichetto-Senado.jpg 930w\" sizes=\"auto, (max-width: 300px) 100vw, 300px\" \/><\/a> El jefe del Bloque Justicialista del Senado.<\/em><\/p>\n<p>El jefe del Bloque Justicialista del Senado, Miguel Pichetto, anticip\u00f3 su voto a favor del Presupuesto 2018 pero critic\u00f3 fuertemente \u00abla pol\u00edtica de tasas alt\u00edsimas del Banco Central, que funciona como si fuera el Banco de Alemania\u00bb.<\/p>\n<p>En el \u00e1mbito de la Comisi\u00f3n de Presupuesto y Hacienda, Pichetto le transmiti\u00f3 al ministro de Hacienda, Nicol\u00e1s Dujovne, las cr\u00edticas hacia la pol\u00edtica econ\u00f3mica del Gobierno y se enfoc\u00f3 principalmente en las tasas que paga el Banco Central y el tipo de cambio.<\/p>\n<p>Pichetto adelant\u00f3 el voto positivo de su bloque al se\u00f1alar que \u00abes importante para el pa\u00eds tener Presupuesto\u00bb y record\u00f3 que \u00abhubo una experiencia lamentable, del denominado Grupo A, cuando el oficialismo perdi\u00f3 el control de las mayor\u00edas\u00bb, en referencia al rechazo del Presupuesto 2010.<\/p>\n<p>No obstante, afirm\u00f3 que \u00abdiscutir el Presupuesto es discutir la pol\u00edtica econ\u00f3mica\u00bb y dispar\u00f3: \u00abTransmito mi preocupaci\u00f3n sobre la pol\u00edtica de tasas alt\u00edsimas del Banco Central, que se maneja como un iceberg aut\u00f3nomo de las pol\u00edticas econ\u00f3micas. Funciona como si fuera el Banco alem\u00e1n\u00bb.<\/p>\n<p>El senador rionegrino consider\u00f3 que \u00absostener estas tasas que producen ganancias extraordinarias para fondos de inversi\u00f3n que ponen los recursos en Lebacs y se llevan ganancias extraordinarias, no pasa en ning\u00fan lugar del mundo\u00bb.<\/p>\n<p>\u00abEsto est\u00e1 tomado para sostener un tipo de cambio que es, ministro, bajo. No le sirve este tipo de cambio ni a la fruticultura, ni a la ganader\u00eda, se est\u00e1n guardando en los silos los cereales. Es un d\u00f3lar barato que se sostiene con Lebacs al 30%\u00bb, abund\u00f3 Pichetto.<\/p>\n<p>La cr\u00edtica del legislador justicialista coincidi\u00f3 con el anuncio que realiz\u00f3 este martes el Banco Central respecto del mantenimiento inalterado de las tasas 28,75%.<\/p>\n<p>Por otra parte, cuestion\u00f3 que en el Presupuesto 2018 \u00abhay una merma de los aportes en materia tecnol\u00f3gica, especialmente en el Conicet y en temas estrat\u00e9gicos como el satelital\u00bb, tras lo cual remarc\u00f3 que \u00abArgentina es una potencia en la regi\u00f3n en esta materia\u00bb.<\/p>\n<p>Adem\u00e1s, Pichetto critic\u00f3 tambi\u00e9n la reforma previsional -pese a que vot\u00f3 a favor cuando se trat\u00f3 en el Senado- y se\u00f1al\u00f3: \u00abLo que han hecho es una gota de agua en el desierto, no resuelve el problema estructural del sistema previsional\u00bb.<\/p>\n<p>\u00abSe metieron a hacer una reforma con una ingenier\u00eda social err\u00f3nea. El a\u00f1o pasado pusieron un mont\u00f3n de plata en la reparaci\u00f3n hist\u00f3rica, viralizaron los juicios previsionales, aumentaron el d\u00e9ficit p\u00fablico con la reparaci\u00f3n hist\u00f3rica\u00bb, subray\u00f3 el senador.<\/p>\n<p>Seg\u00fan consider\u00f3, el proyecto elaborado por el Gobierno para cambiar el c\u00e1lculo de la movilidad de los haberes se hizo \u00aba tontas y a locas, con un desconocimiento profundo\u00bb.<\/p>\n","protected":false},"excerpt":{"rendered":"<p>\u00a0 El jefe del Bloque Justicialista del Senado. El jefe del Bloque Justicialista del Senado, Miguel Pichetto, anticip\u00f3 su voto a favor del Presupuesto 2018 pero critic\u00f3 fuertemente \u00abla pol\u00edtica de tasas alt\u00edsimas del Banco Central, que funciona como si fuera el Banco de Alemania\u00bb. En el \u00e1mbito de la Comisi\u00f3n de Presupuesto y Hacienda,&hellip;<\/p>\n","protected":false},"author":1,"featured_media":75118,"comment_status":"open","ping_status":"open","sticky":false,"template":"","format":"standard","meta":{"footnotes":""},"categories":[13],"tags":[1539,2282,28060,671,564],"class_list":["post-75117","post","type-post","status-publish","format-standard","has-post-thumbnail","hentry","category-politica","tag-banco-central","tag-criticas","tag-miguel-pichetto","tag-presupuesto","tag-senado"],"_links":{"self":[{"href":"https:\/\/www.elsindical.com.ar\/notas\/wp-json\/wp\/v2\/posts\/75117","targetHints":{"allow":["GET"]}}],"collection":[{"href":"https:\/\/www.elsindical.com.ar\/notas\/wp-json\/wp\/v2\/posts"}],"about":[{"href":"https:\/\/www.elsindical.com.ar\/notas\/wp-json\/wp\/v2\/types\/post"}],"author":[{"embeddable":true,"href":"https:\/\/www.elsindical.com.ar\/notas\/wp-json\/wp\/v2\/users\/1"}],"replies":[{"embeddable":true,"href":"https:\/\/www.elsindical.com.ar\/notas\/wp-json\/wp\/v2\/comments?post=75117"}],"version-history":[{"count":1,"href":"https:\/\/www.elsindical.com.ar\/notas\/wp-json\/wp\/v2\/posts\/75117\/revisions"}],"predecessor-version":[{"id":75119,"href":"https:\/\/www.elsindical.com.ar\/notas\/wp-json\/wp\/v2\/posts\/75117\/revisions\/75119"}],"wp:featuredmedia":[{"embeddable":true,"href":"https:\/\/www.elsindical.com.ar\/notas\/wp-json\/wp\/v2\/media\/75118"}],"wp:attachment":[{"href":"https:\/\/www.elsindical.com.ar\/notas\/wp-json\/wp\/v2\/media?parent=75117"}],"wp:term":[{"taxonomy":"category","embeddable":true,"href":"https:\/\/www.elsindical.com.ar\/notas\/wp-json\/wp\/v2\/categories?post=75117"},{"taxonomy":"post_tag","embeddable":true,"href":"https:\/\/www.elsindical.com.ar\/notas\/wp-json\/wp\/v2\/tags?post=75117"}],"curies":[{"name":"wp","href":"https:\/\/api.w.org\/{rel}","templated":true}]}}