{"id":75111,"date":"2017-12-27T11:34:11","date_gmt":"2017-12-27T14:34:11","guid":{"rendered":"http:\/\/www.elsindical.com.ar\/notas\/?p=75111"},"modified":"2017-12-27T11:34:11","modified_gmt":"2017-12-27T14:34:11","slug":"whatsapp-deja-de-funcionar-en-dos-plataformas-moviles-en-2018","status":"publish","type":"post","link":"https:\/\/www.elsindical.com.ar\/notas\/whatsapp-deja-de-funcionar-en-dos-plataformas-moviles-en-2018\/","title":{"rendered":"WhatsApp deja de funcionar en dos plataformas m\u00f3viles en 2018"},"content":{"rendered":"<p><em><a href=\"http:\/\/www.elsindical.com.ar\/notas\/var\/www\/html\/notas\/wp-content\/uploads\/2012\/10\/WhatsApp.jpg\"><img loading=\"lazy\" decoding=\"async\" class=\"alignnone size-medium wp-image-28564\" src=\"http:\/\/www.elsindical.com.ar\/notas\/var\/www\/html\/notas\/wp-content\/uploads\/2012\/10\/WhatsApp-300x288.jpg\" alt=\"\" width=\"300\" height=\"288\" srcset=\"https:\/\/www.elsindical.com.ar\/notas\/var\/www\/html\/notas\/wp-content\/uploads\/2012\/10\/WhatsApp-300x288.jpg 300w, https:\/\/www.elsindical.com.ar\/notas\/var\/www\/html\/notas\/wp-content\/uploads\/2012\/10\/WhatsApp-311x300.jpg 311w, https:\/\/www.elsindical.com.ar\/notas\/var\/www\/html\/notas\/wp-content\/uploads\/2012\/10\/WhatsApp.jpg 325w\" sizes=\"auto, (max-width: 300px) 100vw, 300px\" \/><\/a>\u00a0 La aplicaci\u00f3n de chat revel\u00f3 las versiones de los sistemas operativos m\u00f3viles que contar\u00e1n con actualizaciones el pr\u00f3ximo a\u00f1o. Los detalles, en la nota.<\/em><\/p>\n<p>Quienes cuenten con celulares cuyas plataformas sean BlackBerry OS, BlackBerry 10 y Windows Phone 8.0 no podr\u00e1n crear cuentas nuevas ni verificar una ya existente en WhatsApp a partir del 1 de enero de 2018, aunque s\u00ed estar\u00e1n habilitados a seguir con el uso del servicio de mensajer\u00eda de forma limitada.<\/p>\n<p>La aplicaci\u00f3n de chat revel\u00f3 las versiones de los sistemas operativos m\u00f3viles que contar\u00e1n con actualizaciones el pr\u00f3ximo a\u00f1o.<\/p>\n<p>Sin embargo, s\u00ed se podr\u00e1 seguir con el uso de WhatsApp con la salvedad de que algunas funciones podr\u00edan dejar de funcionar al tener en cuenta que esa compa\u00f1\u00eda ya no desarrolla funcionalidades para esas versiones.<\/p>\n<p>Para aquellos que cuenten con Nokia S40, las opciones de dar de alta nuevas cuentas o re-verificar existentes continuar\u00e1 hasta el 31 de diciembre de 2018, mientras que la posibilidad se extender\u00e1 hasta el 1 de febrero de 2020 para las versiones del sistema operativo Android 2.3.7 y anteriores.<\/p>\n<p>Por otra parte, WhatsApp record\u00f3 cu\u00e1les plataformas ya no son compatibles con su servicio: versiones de sistema operativo de Android anteriores a 2.3.3; Windows Phone 7; iOS 3GS\/iOS 6; y Nokia Symbian S60.<\/p>\n","protected":false},"excerpt":{"rendered":"<p>\u00a0 La aplicaci\u00f3n de chat revel\u00f3 las versiones de los sistemas operativos m\u00f3viles que contar\u00e1n con actualizaciones el pr\u00f3ximo a\u00f1o. Los detalles, en la nota. Quienes cuenten con celulares cuyas plataformas sean BlackBerry OS, BlackBerry 10 y Windows Phone 8.0 no podr\u00e1n crear cuentas nuevas ni verificar una ya existente en WhatsApp a partir del&hellip;<\/p>\n","protected":false},"author":1,"featured_media":28564,"comment_status":"open","ping_status":"open","sticky":false,"template":"","format":"standard","meta":{"footnotes":""},"categories":[29],"tags":[28057,28055,28054,28056],"class_list":["post-75111","post","type-post","status-publish","format-standard","has-post-thumbnail","hentry","category-informatica","tag-android-2-3-7","tag-blackberry-10","tag-blackberry-os","tag-windows-phone-8-0"],"_links":{"self":[{"href":"https:\/\/www.elsindical.com.ar\/notas\/wp-json\/wp\/v2\/posts\/75111","targetHints":{"allow":["GET"]}}],"collection":[{"href":"https:\/\/www.elsindical.com.ar\/notas\/wp-json\/wp\/v2\/posts"}],"about":[{"href":"https:\/\/www.elsindical.com.ar\/notas\/wp-json\/wp\/v2\/types\/post"}],"author":[{"embeddable":true,"href":"https:\/\/www.elsindical.com.ar\/notas\/wp-json\/wp\/v2\/users\/1"}],"replies":[{"embeddable":true,"href":"https:\/\/www.elsindical.com.ar\/notas\/wp-json\/wp\/v2\/comments?post=75111"}],"version-history":[{"count":1,"href":"https:\/\/www.elsindical.com.ar\/notas\/wp-json\/wp\/v2\/posts\/75111\/revisions"}],"predecessor-version":[{"id":75112,"href":"https:\/\/www.elsindical.com.ar\/notas\/wp-json\/wp\/v2\/posts\/75111\/revisions\/75112"}],"wp:featuredmedia":[{"embeddable":true,"href":"https:\/\/www.elsindical.com.ar\/notas\/wp-json\/wp\/v2\/media\/28564"}],"wp:attachment":[{"href":"https:\/\/www.elsindical.com.ar\/notas\/wp-json\/wp\/v2\/media?parent=75111"}],"wp:term":[{"taxonomy":"category","embeddable":true,"href":"https:\/\/www.elsindical.com.ar\/notas\/wp-json\/wp\/v2\/categories?post=75111"},{"taxonomy":"post_tag","embeddable":true,"href":"https:\/\/www.elsindical.com.ar\/notas\/wp-json\/wp\/v2\/tags?post=75111"}],"curies":[{"name":"wp","href":"https:\/\/api.w.org\/{rel}","templated":true}]}}