{"id":751,"date":"2009-10-01T00:53:41","date_gmt":"2009-10-01T03:53:41","guid":{"rendered":"http:\/\/www.elsindical.com.ar\/notas\/?p=751"},"modified":"2009-10-01T00:53:41","modified_gmt":"2009-10-01T03:53:41","slug":"directivo-de-kraft-defiende-la-estrategia-judicial-de-la-empresa","status":"publish","type":"post","link":"https:\/\/www.elsindical.com.ar\/notas\/directivo-de-kraft-defiende-la-estrategia-judicial-de-la-empresa\/","title":{"rendered":"Directivo de Kraft defiende la estrategia judicial de la empresa"},"content":{"rendered":"<p style=\"text-align: justify;\"><em><img loading=\"lazy\" decoding=\"async\" class=\"alignleft size-full wp-image-752\" title=\"Pedro-L\u00f3pez-Matheu\" src=\"http:\/\/www.elsindical.com.ar\/notas\/var\/www\/html\/notas\/wp-content\/uploads\/2009\/10\/Pedro-L\u00f3pez-Matheu.jpg\" alt=\"Pedro-L\u00f3pez-Matheu\" width=\"227\" height=\"187\" \/>El director de Asuntos Corporativos de Kraft Foods Argentina, Pedro L\u00f3pez Matheu, defendi\u00f3 el accionar judicial de esa empresa frente al conflicto que mantiene con sus empleados, y as\u00ed sali\u00f3 al cruce de las cr\u00edticas que formul\u00f3 el ministro de Trabajo, Carlos Tomada.<\/em><\/p>\n<p style=\"text-align: justify;\">\u00abHubo una conciliaci\u00f3n obligatoria, los despidos se comunicaron el 18 de agosto, y no fue prorrogada por el Ministerio de Trabajo porque no hab\u00eda un tema laboral ni gremial, sino algo que investiga la Justicia Penal\u00bb, sostuvo el directivo.<\/p>\n<p style=\"text-align: justify;\">En declaraciones a Radio 10, L\u00f3pez Matheu se\u00f1al\u00f3 adem\u00e1s:<\/p>\n<p style=\"text-align: justify;\">\u00abestamos en un Eestado de Derecho, y todas las presentaciones y las denuncias que hemos hecho, con abundante documentaci\u00f3n probatoria, est\u00e1n siendo investigadas por jueces\u00bb.<\/p>\n<p style=\"text-align: justify;\">\u00abLa defensa de los intereses se tiene que hacer en los Tribunales, y no mediante v\u00edas de hecho\u00bb, a\u00f1adi\u00f3.<\/p>\n<p style=\"text-align: justify;\">Las declaraciones de Lopez Matheu fueron en respuesta a lo manifestado por Tomada, quien afirm\u00f3 que hubo \u00abuna actitud de intransigencia patronal muy grande\u00bb de parte de la compa\u00f1\u00eda.<\/p>\n","protected":false},"excerpt":{"rendered":"<p>El director de Asuntos Corporativos de Kraft Foods Argentina, Pedro L\u00f3pez Matheu, defendi\u00f3 el accionar judicial de esa empresa frente al conflicto que mantiene con sus empleados, y as\u00ed sali\u00f3 al cruce de las cr\u00edticas que formul\u00f3 el ministro de Trabajo, Carlos Tomada. \u00abHubo una conciliaci\u00f3n obligatoria, los despidos se comunicaron el 18 de agosto,&hellip;<\/p>\n","protected":false},"author":1,"featured_media":0,"comment_status":"open","ping_status":"open","sticky":false,"template":"","format":"standard","meta":{"footnotes":""},"categories":[28],"tags":[22020,41,124,440,125],"class_list":["post-751","post","type-post","status-publish","format-standard","hentry","category-empresariales","tag-denuncias","tag-justicia","tag-kraft-food","tag-pedro-lopez-matheu","tag-trabajadores"],"_links":{"self":[{"href":"https:\/\/www.elsindical.com.ar\/notas\/wp-json\/wp\/v2\/posts\/751","targetHints":{"allow":["GET"]}}],"collection":[{"href":"https:\/\/www.elsindical.com.ar\/notas\/wp-json\/wp\/v2\/posts"}],"about":[{"href":"https:\/\/www.elsindical.com.ar\/notas\/wp-json\/wp\/v2\/types\/post"}],"author":[{"embeddable":true,"href":"https:\/\/www.elsindical.com.ar\/notas\/wp-json\/wp\/v2\/users\/1"}],"replies":[{"embeddable":true,"href":"https:\/\/www.elsindical.com.ar\/notas\/wp-json\/wp\/v2\/comments?post=751"}],"version-history":[{"count":2,"href":"https:\/\/www.elsindical.com.ar\/notas\/wp-json\/wp\/v2\/posts\/751\/revisions"}],"predecessor-version":[{"id":754,"href":"https:\/\/www.elsindical.com.ar\/notas\/wp-json\/wp\/v2\/posts\/751\/revisions\/754"}],"wp:attachment":[{"href":"https:\/\/www.elsindical.com.ar\/notas\/wp-json\/wp\/v2\/media?parent=751"}],"wp:term":[{"taxonomy":"category","embeddable":true,"href":"https:\/\/www.elsindical.com.ar\/notas\/wp-json\/wp\/v2\/categories?post=751"},{"taxonomy":"post_tag","embeddable":true,"href":"https:\/\/www.elsindical.com.ar\/notas\/wp-json\/wp\/v2\/tags?post=751"}],"curies":[{"name":"wp","href":"https:\/\/api.w.org\/{rel}","templated":true}]}}