{"id":75090,"date":"2017-12-26T12:05:42","date_gmt":"2017-12-26T15:05:42","guid":{"rendered":"http:\/\/www.elsindical.com.ar\/notas\/?p=75090"},"modified":"2017-12-26T12:05:42","modified_gmt":"2017-12-26T15:05:42","slug":"le-robaron-en-vuelo-de-aerolineas-los-lentes-especiales-que-necesita-para-ver","status":"publish","type":"post","link":"https:\/\/www.elsindical.com.ar\/notas\/le-robaron-en-vuelo-de-aerolineas-los-lentes-especiales-que-necesita-para-ver\/","title":{"rendered":"Le robaron en vuelo de Aerol\u00edneas los lentes especiales que necesita para ver"},"content":{"rendered":"<p><em>\u00a0 <a href=\"http:\/\/www.elsindical.com.ar\/notas\/var\/www\/html\/notas\/wp-content\/uploads\/2017\/12\/lentes-de-Hilario.jpg\"><img loading=\"lazy\" decoding=\"async\" class=\"alignnone size-medium wp-image-75091\" src=\"http:\/\/www.elsindical.com.ar\/notas\/var\/www\/html\/notas\/wp-content\/uploads\/2017\/12\/lentes-de-Hilario-300x168.jpg\" alt=\"\" width=\"300\" height=\"168\" srcset=\"https:\/\/www.elsindical.com.ar\/notas\/var\/www\/html\/notas\/wp-content\/uploads\/2017\/12\/lentes-de-Hilario-300x168.jpg 300w, https:\/\/www.elsindical.com.ar\/notas\/var\/www\/html\/notas\/wp-content\/uploads\/2017\/12\/lentes-de-Hilario-768x430.jpg 768w, https:\/\/www.elsindical.com.ar\/notas\/var\/www\/html\/notas\/wp-content\/uploads\/2017\/12\/lentes-de-Hilario-1024x573.jpg 1024w, https:\/\/www.elsindical.com.ar\/notas\/var\/www\/html\/notas\/wp-content\/uploads\/2017\/12\/lentes-de-Hilario-500x280.jpg 500w, https:\/\/www.elsindical.com.ar\/notas\/var\/www\/html\/notas\/wp-content\/uploads\/2017\/12\/lentes-de-Hilario.jpg 1170w\" sizes=\"auto, (max-width: 300px) 100vw, 300px\" \/><\/a>Hilario tiene 2 a\u00f1os y naci\u00f3 con una enfermedad cong\u00e9nita por la que necesita anteojos especiales para poder ver bien.<\/em><\/p>\n<p>Hilario Casazza vive un drama por un nuevo hecho de inseguridad en nuestro pa\u00eds: le robaron los cuatro lentes del equipaje que despacharon.<\/p>\n<p>El peque\u00f1o tiene 2 a\u00f1os y naci\u00f3 con una enfermedad cong\u00e9nita por la que necesita anteojos especiales para poder ver bien.<\/p>\n<p>\u00abJam\u00e1s me imagin\u00e9 que me pod\u00edan robar una cosa as\u00ed, fue cuando llegamos al lugar donde estamos alojados que nos dimos cuenta de que faltaban los cuatro estuches de lentes\u00bb, cont\u00f3 Carolina Carman, la mam\u00e1 de Hilario y explic\u00f3 que \u00abcada par de anteojos es diferente y sirve para distintas cosas\u00bb que necesita su hijo.<\/p>\n<p>Como si fuera poco, Carolina y el pap\u00e1 de Hilario, Roberto, se encontraron con que ese tipo de lentes, que tienen un valor de alrededor de los 23 mil pesos, no se consiguen en Bariloche. \u00abHoy nos salvan los lentes de contacto de \u00e9l, pero no los puede usar todo el tiempo\u00bb, explic\u00f3 la mujer.<\/p>\n<p>El robo fue en alg\u00fan punto del circuito interno que atraves\u00f3 el equipaje de la familia Casazza, entre el Aeroparque Jorge Newbery, donde lo despacharon, y el Aeropuerto Internacional Teniente Luis Candelaria de San Carlos de Bariloche, donde recibieron los bolsos y las valijas ya sin los estuches.<\/p>\n<p>\u00abNos los robaron en el circuito interno, lo que nos parece tremendo e indignante. Ahora que nos pas\u00f3 sabemos que es algo que ocurre y en este caso puntual es adem\u00e1s preocupante porque es un tema de salud\u00bb, expres\u00f3 Carolina, que piensa que robaron los anteojos porque estaban en \u00abestuches lindos\u00bb y quien los haya sacado debi\u00f3 pensar que se trataba de \u00ablentes de marca\u00bb.<\/p>\n<p>\u00abEsos anteojos solo le sirven en este mundo a Hilario, por eso intentamos que se sensibilizaran los responsables del robo difundiendo esto en las redes y los hicieran aparecer de alguna forma\u00bb, detall\u00f3 Carolina al tiempo que destac\u00f3 el gesto del propio presidente de Aerol\u00edneas Argentinas, Mario Dell&#8217;Acqua, quien los llam\u00f3 personalmente y se pudo a disposici\u00f3n de la familia para colaborar y que Hilario pueda tener sus lentes lo antes posible.<\/p>\n<p>\u00abEs una enfermedad poco com\u00fan la de \u00e9l, creo que esto que pas\u00f3 sirve tambi\u00e9n para concientizar, hoy por ejemplo no damos con una \u00f3ptica que pueda hacer lentes como las que \u00e9l necesita, solo en Buenos Aires hay, los feriados no ayudan y hay que ver cu\u00e1ndo las van a poder tener listas\u00bb, repas\u00f3.<\/p>\n<p>\u00abYo lo que aspiro es a que la persona que rob\u00f3 los lentes los devuelva, los deje tirados en alguna parte, obviamente no va a dar la cara porque est\u00e1 en juego su trabajo, pero atendiendo a que no le sirven para nada y al haber un bebito sufriendo, no pierdo las esperanzas\u00bb, le dijo desde Bariloche Carolina, que intenta que la b\u00fasqueda llegue a la persona indicada.<\/p>\n","protected":false},"excerpt":{"rendered":"<p>\u00a0 Hilario tiene 2 a\u00f1os y naci\u00f3 con una enfermedad cong\u00e9nita por la que necesita anteojos especiales para poder ver bien. Hilario Casazza vive un drama por un nuevo hecho de inseguridad en nuestro pa\u00eds: le robaron los cuatro lentes del equipaje que despacharon. El peque\u00f1o tiene 2 a\u00f1os y naci\u00f3 con una enfermedad cong\u00e9nita&hellip;<\/p>\n","protected":false},"author":1,"featured_media":75091,"comment_status":"open","ping_status":"open","sticky":false,"template":"","format":"standard","meta":{"footnotes":""},"categories":[22],"tags":[26781,28050,28051,116],"class_list":["post-75090","post","type-post","status-publish","format-standard","has-post-thumbnail","hentry","category-policiales","tag-areolineas-argentinas","tag-hilario-casazza","tag-lentes","tag-robo"],"_links":{"self":[{"href":"https:\/\/www.elsindical.com.ar\/notas\/wp-json\/wp\/v2\/posts\/75090","targetHints":{"allow":["GET"]}}],"collection":[{"href":"https:\/\/www.elsindical.com.ar\/notas\/wp-json\/wp\/v2\/posts"}],"about":[{"href":"https:\/\/www.elsindical.com.ar\/notas\/wp-json\/wp\/v2\/types\/post"}],"author":[{"embeddable":true,"href":"https:\/\/www.elsindical.com.ar\/notas\/wp-json\/wp\/v2\/users\/1"}],"replies":[{"embeddable":true,"href":"https:\/\/www.elsindical.com.ar\/notas\/wp-json\/wp\/v2\/comments?post=75090"}],"version-history":[{"count":1,"href":"https:\/\/www.elsindical.com.ar\/notas\/wp-json\/wp\/v2\/posts\/75090\/revisions"}],"predecessor-version":[{"id":75092,"href":"https:\/\/www.elsindical.com.ar\/notas\/wp-json\/wp\/v2\/posts\/75090\/revisions\/75092"}],"wp:featuredmedia":[{"embeddable":true,"href":"https:\/\/www.elsindical.com.ar\/notas\/wp-json\/wp\/v2\/media\/75091"}],"wp:attachment":[{"href":"https:\/\/www.elsindical.com.ar\/notas\/wp-json\/wp\/v2\/media?parent=75090"}],"wp:term":[{"taxonomy":"category","embeddable":true,"href":"https:\/\/www.elsindical.com.ar\/notas\/wp-json\/wp\/v2\/categories?post=75090"},{"taxonomy":"post_tag","embeddable":true,"href":"https:\/\/www.elsindical.com.ar\/notas\/wp-json\/wp\/v2\/tags?post=75090"}],"curies":[{"name":"wp","href":"https:\/\/api.w.org\/{rel}","templated":true}]}}